{"id":517902,"date":"2018-02-16T09:40:04","date_gmt":"2018-02-16T15:40:04","guid":{"rendered":"https:\/\/www.futboltotal.com.mx\/?p=517902"},"modified":"2018-02-16T09:40:04","modified_gmt":"2018-02-16T15:40:04","slug":"juan-carlos-osorio-en-la-mira-de-otra-seleccion-concacaf","status":"publish","type":"post","link":"http:\/\/desarrollo.grupomedios.com\/futbol\/destacado-home\/juan-carlos-osorio-en-la-mira-de-otra-seleccion-concacaf\/2018\/02","title":{"rendered":"Juan Carlos Osorio, en la mira de otra selecci\u00f3n de Concacaf"},"content":{"rendered":"<p>El estratega de la <strong>Selecci\u00f3n Mexicana, Juan Carlos Osorio<\/strong>, se ha convertido en un hombre cotizado dentro de la <strong>Concacaf,<\/strong> luego de su buen eliminatoria que llev\u00f3 al Tri a clasificarse sin problemas a la <strong>Copa del Mundo de Rusia 2018<\/strong> y otro combinado aprovechar\u00eda que est\u00e1 en duda su continuidad al frente del proyecto.<\/p>\n<p>De acuerdo al diario Diez, <strong>Honduras<\/strong> est\u00e1 pensando seriamente en tentar al colombiano para dirigir su selecci\u00f3n en el pr\u00f3ximo proceso mundialista, sin embargo a pesar de se una de las opciones m\u00e1s atractivas, de igual forma existen otros candidatos que forman parte de la baraja de posibilidades, entre ellos<strong> Carlos de los Cobos<\/strong> y <strong>Hern\u00e1n \u201cBolillo\u201d G\u00f3mez<\/strong>.<\/p>\n<p style=\"text-align: center;\"><a href=\"https:\/\/www.futboltotal.com.mx\/futbol-mexicano\/liga-mx\/oswaldo-alanis-se-ira-al-futbol-espana\/2018\/02\">VER M\u00c1S: Oswaldo Alan\u00eds se ir\u00e1 al futbol de Espa\u00f1a<\/a><\/p>\n<p><strong>El profe Osorio siempre ha estado latente como opci\u00f3n, incluso se habl\u00f3 con \u00e9l en procesos pasados<\/strong>, buscaremos un t\u00e9cnico de alto perfil pero hay que ver lo econ\u00f3mico, ya veremos despu\u00e9s que se haga oficial el calendario\u201d, se\u00f1al\u00f3 una fuente cercana al equipo hondure\u00f1o de acuerdo con AS M\u00e9xico.<\/p>\n<p>El problema para los catrachos es que el salario que percibe Osorio, cercano a los <strong>90 mil d\u00f3lares mensuales<\/strong>, mientras que su \u00faltimo estratega,\u00a0<strong>Jorge Luis Pinto<\/strong> percib\u00eda cerca de <strong>50 mil d\u00f3lares<\/strong>.<\/p>\n<p>&nbsp;<\/p>\n<p style=\"text-align: center;\"><a href=\"https:\/\/www.futboltotal.com.mx\/futbol-internacional\/inedito-video-lionel-messi-newells-a-los-12-anos\/2018\/02\">VER M\u00c1S: El in\u00e9dito video de Lionel Messi con Newell\u2019s a los 12 a\u00f1os<\/a><\/p>\n","protected":false},"excerpt":{"rendered":"<p>El estratega colombiano a\u00fan no tiene una propuesta formal para continuar al frente del Tricolor.<\/p>\n","protected":false},"author":159,"featured_media":517061,"comment_status":"closed","ping_status":"closed","sticky":false,"template":"","format":"standard","meta":[],"categories":[5,2198,3847],"tags":[282,800,6196],"_links":{"self":[{"href":"http:\/\/desarrollo.grupomedios.com\/futbol\/wp-json\/wp\/v2\/posts\/517902"}],"collection":[{"href":"http:\/\/desarrollo.grupomedios.com\/futbol\/wp-json\/wp\/v2\/posts"}],"about":[{"href":"http:\/\/desarrollo.grupomedios.com\/futbol\/wp-json\/wp\/v2\/types\/post"}],"author":[{"embeddable":true,"href":"http:\/\/desarrollo.grupomedios.com\/futbol\/wp-json\/wp\/v2\/users\/159"}],"replies":[{"embeddable":true,"href":"http:\/\/desarrollo.grupomedios.com\/futbol\/wp-json\/wp\/v2\/comments?post=517902"}],"version-history":[{"count":1,"href":"http:\/\/desarrollo.grupomedios.com\/futbol\/wp-json\/wp\/v2\/posts\/517902\/revisions"}],"predecessor-version":[{"id":517903,"href":"http:\/\/desarrollo.grupomedios.com\/futbol\/wp-json\/wp\/v2\/posts\/517902\/revisions\/517903"}],"wp:featuredmedia":[{"embeddable":true,"href":"http:\/\/desarrollo.grupomedios.com\/futbol\/wp-json\/wp\/v2\/media\/517061"}],"wp:attachment":[{"href":"http:\/\/desarrollo.grupomedios.com\/futbol\/wp-json\/wp\/v2\/media?parent=517902"}],"wp:term":[{"taxonomy":"category","embeddable":true,"href":"http:\/\/desarrollo.grupomedios.com\/futbol\/wp-json\/wp\/v2\/categories?post=517902"},{"taxonomy":"post_tag","embeddable":true,"href":"http:\/\/desarrollo.grupomedios.com\/futbol\/wp-json\/wp\/v2\/tags?post=517902"}],"curies":[{"name":"wp","href":"https:\/\/api.w.org\/{rel}","templated":true}]}}