{"id":517905,"date":"2018-02-16T10:22:31","date_gmt":"2018-02-16T16:22:31","guid":{"rendered":"https:\/\/www.futboltotal.com.mx\/?p=517905"},"modified":"2018-02-16T10:22:31","modified_gmt":"2018-02-16T16:22:31","slug":"santos-la-fabrica-delanteros-america-sigue-djaniny","status":"publish","type":"post","link":"http:\/\/desarrollo.grupomedios.com\/futbol\/destacado-home\/santos-la-fabrica-delanteros-america-sigue-djaniny\/2018\/02","title":{"rendered":"Santos, la f\u00e1brica de delanteros para Am\u00e9rica \u00bfSigue Djaniny?"},"content":{"rendered":"<p>El delantero de Cabo Verde,\u00a0<strong>Djaniny Tavares<\/strong> ha comenzado el torneo <strong>Clausura 2018<\/strong> en estado de gracia con <strong>Santos Laguna<\/strong> y de inmediato se ha comenzado a colocar su nombre en el equipo de las<strong> \u00c1guilas del Am\u00e9rica<\/strong>, esto no parece nada descabellado, pues en los \u00faltimos a\u00f1os el equipo azulcrema se ha hecho de los delanteros laguneros.<\/p>\n<p>A pesar que han sido varios los futbolistas que saltan de Santos Laguna al Am\u00e9rica, cuatro delanteros han marcado su destino rumbo a Coapa en los \u00faltimos a\u00f1os; cabe recordar que las \u00c1guilas estaban en busca de un centro delantero para redondear su plantilla, de seguir con este buen paso, sin duda Tavares se convertir\u00eda en opci\u00f3n.<\/p>\n<p>Estos son<strong> 4 delanteros que han dejado Santos Laguna para sumarse al Am\u00e9rica<\/strong>:<\/p>\n<h3><strong>Mat\u00edas Vuoso<\/strong><\/h3>\n<p><img decoding=\"async\" loading=\"lazy\" class=\"aligncenter size-full wp-image-517909\" src=\"https:\/\/www.futboltotal.com.mx\/wp-content\/uploads\/2018\/02\/matias-vuoso-1.jpg\" alt=\"Santos, la f\u00e1brica de delanteros para Am\u00e9rica \u00bfSigue Djaniny? 0\" srcset=\"http:\/\/desarrollo.grupomedios.com\/futbol\/wp-content\/uploads\/2018\/02\/matias-vuoso-1.jpg 720w, http:\/\/desarrollo.grupomedios.com\/futbol\/wp-content\/uploads\/2018\/02\/matias-vuoso-1-300x200.jpg 300w\" sizes=\"(max-width: 720px) 100vw, 720px\" \/><\/p>\n<h3><strong>Christian Ben\u00edtez\u00a0(\u2020)<\/strong><\/h3>\n<p><img decoding=\"async\" loading=\"lazy\" class=\"aligncenter size-full wp-image-517910\" src=\"https:\/\/www.futboltotal.com.mx\/wp-content\/uploads\/2018\/02\/christian-benitez.jpg\" alt=\"Santos, la f\u00e1brica de delanteros para Am\u00e9rica \u00bfSigue Djaniny? 1\" srcset=\"http:\/\/desarrollo.grupomedios.com\/futbol\/wp-content\/uploads\/2018\/02\/christian-benitez.jpg 1280w, http:\/\/desarrollo.grupomedios.com\/futbol\/wp-content\/uploads\/2018\/02\/christian-benitez-300x210.jpg 300w, http:\/\/desarrollo.grupomedios.com\/futbol\/wp-content\/uploads\/2018\/02\/christian-benitez-768x536.jpg 768w, http:\/\/desarrollo.grupomedios.com\/futbol\/wp-content\/uploads\/2018\/02\/christian-benitez-1024x715.jpg 1024w\" sizes=\"(max-width: 1280px) 100vw, 1280px\" \/><\/p>\n<p style=\"text-align: center;\"><a href=\"https:\/\/www.futboltotal.com.mx\/futbol-mexicano\/liga-mx\/oswaldo-alanis-se-ira-al-futbol-espana\/2018\/02\">VER M\u00c1S: Oswaldo Alan\u00eds se ir\u00e1 al futbol de Espa\u00f1a<\/a><\/p>\n<h3><strong>Oribe Peralta<\/strong><\/h3>\n<p><img decoding=\"async\" loading=\"lazy\" class=\"aligncenter size-full wp-image-517911\" src=\"https:\/\/www.futboltotal.com.mx\/wp-content\/uploads\/2018\/02\/oribe-peralta-santos.jpg\" alt=\"Santos, la f\u00e1brica de delanteros para Am\u00e9rica \u00bfSigue Djaniny? 2\" srcset=\"http:\/\/desarrollo.grupomedios.com\/futbol\/wp-content\/uploads\/2018\/02\/oribe-peralta-santos.jpg 720w, http:\/\/desarrollo.grupomedios.com\/futbol\/wp-content\/uploads\/2018\/02\/oribe-peralta-santos-300x200.jpg 300w\" sizes=\"(max-width: 720px) 100vw, 720px\" \/><\/p>\n<h3><strong>Darwin Quintero<\/strong><\/h3>\n<p><img decoding=\"async\" loading=\"lazy\" class=\"aligncenter size-full wp-image-517912\" src=\"https:\/\/www.futboltotal.com.mx\/wp-content\/uploads\/2018\/02\/darwin-quintero-santos.jpg\" alt=\"Santos, la f\u00e1brica de delanteros para Am\u00e9rica \u00bfSigue Djaniny? 3\" srcset=\"http:\/\/desarrollo.grupomedios.com\/futbol\/wp-content\/uploads\/2018\/02\/darwin-quintero-santos.jpg 800w, http:\/\/desarrollo.grupomedios.com\/futbol\/wp-content\/uploads\/2018\/02\/darwin-quintero-santos-300x190.jpg 300w, http:\/\/desarrollo.grupomedios.com\/futbol\/wp-content\/uploads\/2018\/02\/darwin-quintero-santos-768x487.jpg 768w\" sizes=\"(max-width: 800px) 100vw, 800px\" \/><\/p>\n<p>&nbsp;<\/p>\n<p>Los aficionados de las \u00c1guilas ya est\u00e1n pensando en que el delantero de Cabo Verde llegue a vestirse de azulcrema para el <strong>Apertura 2018,<\/strong> algo que ser\u00eda un bombazo del cuadro americanista y representar\u00eda el quinto delantero de los laguneros que se marcha.<\/p>\n<p>https:\/\/twitter.com\/calbert57\/status\/964178011711987712<\/p>\n<blockquote class=\"twitter-tweet\" data-width=\"500\">\n<p lang=\"es\" dir=\"ltr\">La neta le preguntar\u00eda si djaniny Tavares firm\u00f3 con el Am\u00e9rica para el apertura 2018, solo eso lo dem\u00e1s son banalidades, gracias.<\/p>\n<p>&mdash; Luis Fernando Mata (@fermatta3) <a href=\"https:\/\/twitter.com\/fermatta3\/status\/964316058868994048?ref_src=twsrc%5Etfw\">February 16, 2018<\/a><\/p><\/blockquote>\n<p><script async src=\"https:\/\/platform.twitter.com\/widgets.js\" charset=\"utf-8\"><\/script><\/p>\n<blockquote class=\"twitter-tweet\" data-width=\"500\">\n<p lang=\"es\" dir=\"ltr\">Y Brian Lozano ya est\u00e1 contando como parte del pago por Djaniny<\/p>\n<p>&mdash; tupadre (@tupadre_America) <a href=\"https:\/\/twitter.com\/tupadre_America\/status\/964243966387404800?ref_src=twsrc%5Etfw\">February 15, 2018<\/a><\/p><\/blockquote>\n<p><script async src=\"https:\/\/platform.twitter.com\/widgets.js\" charset=\"utf-8\"><\/script><\/p>\n<blockquote class=\"twitter-tweet\" data-width=\"500\">\n<p lang=\"es\" dir=\"ltr\">Nuestra relaci\u00f3n es como el Am\u00e9rica con  Djaniny.<\/p>\n<p>Ya todos saben que vamos a estar juntos pero nos gusta hacernos pendejos.<\/p>\n<p>&mdash; Susana (@naisaucedo) <a href=\"https:\/\/twitter.com\/naisaucedo\/status\/964225265881591808?ref_src=twsrc%5Etfw\">February 15, 2018<\/a><\/p><\/blockquote>\n<p><script async src=\"https:\/\/platform.twitter.com\/widgets.js\" charset=\"utf-8\"><\/script><\/p>\n<blockquote class=\"twitter-tweet\" data-width=\"500\">\n<p lang=\"es\" dir=\"ltr\">Es un hecho, acaba el Mundial y Oribe se regresa a retirarse en Santos y Djaniny llega al Am\u00e9rica<\/p>\n<p>&mdash; Diego R (@HachikoIQM) <a href=\"https:\/\/twitter.com\/HachikoIQM\/status\/964220430352637952?ref_src=twsrc%5Etfw\">February 15, 2018<\/a><\/p><\/blockquote>\n<p><script async src=\"https:\/\/platform.twitter.com\/widgets.js\" charset=\"utf-8\"><\/script><\/p>\n<blockquote class=\"twitter-tweet\" data-width=\"500\">\n<p lang=\"es\" dir=\"ltr\">-America compra a Djaniny Tavares-<\/p>\n<p>Guarden este tweet<\/p>\n<p>&mdash; Heber Alfaro (@heberselef) <a href=\"https:\/\/twitter.com\/heberselef\/status\/964147456735760384?ref_src=twsrc%5Etfw\">February 15, 2018<\/a><\/p><\/blockquote>\n<p><script async src=\"https:\/\/platform.twitter.com\/widgets.js\" charset=\"utf-8\"><\/script><\/p>\n<p style=\"text-align: center;\"><a href=\"https:\/\/www.futboltotal.com.mx\/futbol-internacional\/inedito-video-lionel-messi-newells-a-los-12-anos\/2018\/02\">VER M\u00c1S: El in\u00e9dito video de Lionel Messi con Newell\u2019s a los 12 a\u00f1os<\/a><\/p>\n","protected":false},"excerpt":{"rendered":"<p>El delantero de Cabo Verde est\u00e1 teniendo una gran temporada y podr\u00eda tener un futuro similar a Oribe Peralta y Darwin Quintero<\/p>\n","protected":false},"author":159,"featured_media":517914,"comment_status":"closed","ping_status":"closed","sticky":false,"template":"","format":"standard","meta":[],"categories":[5,2198,3845],"tags":[1585,5959,9028,8426,64,174],"_links":{"self":[{"href":"http:\/\/desarrollo.grupomedios.com\/futbol\/wp-json\/wp\/v2\/posts\/517905"}],"collection":[{"href":"http:\/\/desarrollo.grupomedios.com\/futbol\/wp-json\/wp\/v2\/posts"}],"about":[{"href":"http:\/\/desarrollo.grupomedios.com\/futbol\/wp-json\/wp\/v2\/types\/post"}],"author":[{"embeddable":true,"href":"http:\/\/desarrollo.grupomedios.com\/futbol\/wp-json\/wp\/v2\/users\/159"}],"replies":[{"embeddable":true,"href":"http:\/\/desarrollo.grupomedios.com\/futbol\/wp-json\/wp\/v2\/comments?post=517905"}],"version-history":[{"count":1,"href":"http:\/\/desarrollo.grupomedios.com\/futbol\/wp-json\/wp\/v2\/posts\/517905\/revisions"}],"predecessor-version":[{"id":517915,"href":"http:\/\/desarrollo.grupomedios.com\/futbol\/wp-json\/wp\/v2\/posts\/517905\/revisions\/517915"}],"wp:featuredmedia":[{"embeddable":true,"href":"http:\/\/desarrollo.grupomedios.com\/futbol\/wp-json\/wp\/v2\/media\/517914"}],"wp:attachment":[{"href":"http:\/\/desarrollo.grupomedios.com\/futbol\/wp-json\/wp\/v2\/media?parent=517905"}],"wp:term":[{"taxonomy":"category","embeddable":true,"href":"http:\/\/desarrollo.grupomedios.com\/futbol\/wp-json\/wp\/v2\/categories?post=517905"},{"taxonomy":"post_tag","embeddable":true,"href":"http:\/\/desarrollo.grupomedios.com\/futbol\/wp-json\/wp\/v2\/tags?post=517905"}],"curies":[{"name":"wp","href":"https:\/\/api.w.org\/{rel}","templated":true}]}}