{"id":517927,"date":"2018-02-16T11:35:50","date_gmt":"2018-02-16T17:35:50","guid":{"rendered":"https:\/\/www.futboltotal.com.mx\/?p=517927"},"modified":"2018-02-16T11:36:25","modified_gmt":"2018-02-16T17:36:25","slug":"mexico-entrego-los-documentos-oficializan-candidatura-a-la-copa-del-mundo-2026","status":"publish","type":"post","link":"http:\/\/desarrollo.grupomedios.com\/futbol\/futbol-mexicano\/mexico-entrego-los-documentos-oficializan-candidatura-a-la-copa-del-mundo-2026\/2018\/02","title":{"rendered":"M\u00e9xico entreg\u00f3 los documentos que oficializan su candidatura a la Copa del Mundo de 2026"},"content":{"rendered":"<p><em>\u00a1Arranca el camino a un nuevo Mundial en nuestro pa\u00eds!<\/em><\/p>\n<p><mark>El gobierno mexicano entregar\u00f3 hoy viernes la documentaci\u00f3n necesaria para ser parte de la sede de la <strong>Copa Mundial de F\u00fatbol<\/strong> en el<strong> 2026,<\/strong> junto con <strong>Estados Unidos<\/strong> y <strong>Canad\u00e1.<\/strong><\/mark><\/p>\n<p>Todos los documentos para hacer la solicitud oficial y ser sede de esta justa mundial en el 2026, fueron presentados por el Secretario de Turismo, <strong>Enrique de la Madrid.<\/strong>\u00a0A esta presentaci\u00f3n, que se realiz\u00f3 en el <strong>Estadio Azteca,<\/strong> tambi\u00e9n asistieron el Secretario de Gobernaci\u00f3n, <strong>Alfonso Navarrete Prida,<\/strong>\u00a0junto con<strong> Decio de Maria,<\/strong> Presidente de la Federaci\u00f3n Mexicana de F\u00fatbol, y <strong>Yon de Luisa,<\/strong>\u00a0Director de la candidatura mundialista en M\u00e9xico.<\/p>\n<blockquote class=\"twitter-tweet\" data-width=\"500\">\n<p lang=\"es\" dir=\"ltr\">Momento en el que se realiza la Entrega de Garant\u00edas del Gobierno Federal para la Candidatura de la Copa del Mundo 2026 <a href=\"https:\/\/t.co\/qMZHJPrlBh\">pic.twitter.com\/qMZHJPrlBh<\/a><\/p>\n<p>&mdash; FEMEXFUT (@FMF) <a href=\"https:\/\/twitter.com\/FMF\/status\/964549985030344704?ref_src=twsrc%5Etfw\">February 16, 2018<\/a><\/p><\/blockquote>\n<p><script async src=\"https:\/\/platform.twitter.com\/widgets.js\" charset=\"utf-8\"><\/script><\/p>\n<p><em>&#8220;Sin lugar a dudas, nuestro profundo agradecimiento a la Federaci\u00f3n M\u00e9xicana de F\u00fatbol, que ha hecho posible que hoy podamos terminar con todos nuestros compromisos ante esta candidatura conjunta. El poder regresar esta ilusi\u00f3n en el 2026 a las nuevas generaciones y dejar toda la serie de legados que como candidatura conjunta estamos estableciendo, ser\u00e1 un gran orgullo para el pa\u00eds&#8221;,<\/em> manifest\u00f3 <strong>Yon de Luisa.\u00a0<\/strong><\/p>\n<p style=\"text-align: center;\"><a href=\"https:\/\/www.futboltotal.com.mx\/copa-mundial-de-futbol-2018\/noticias\/fifa-quiere-transparencia-en-eleccion-del-mundial-2026\">VER M\u00c1S: FIFA quiere transparencia en elecci\u00f3n del Mundial 2026<\/a><\/p>\n<p>Recordemos que la candidatura conjunta para el <strong>Mundial 2026<\/strong> fue anunciada en julio pasado, junto con la formaci\u00f3n de un comit\u00e9 que buscar\u00e1 y dar\u00e1 seguimiento al proceso para traer la Copa del Mundo a <strong>M\u00e9xico, Estados Unidos<\/strong> y <strong>Canad\u00e1.<\/strong><\/p>\n<p>As\u00ed, 49 estadios en las tres ciudades candidatas han sido considerados y son aptos seg\u00fan las exigencias de la FIFA. <mark>La lista final de los estadios que ser\u00e1n tenidos en cuenta ser\u00e1 develada el pr\u00f3ximo <\/mark><strong><mark>16 de marzo.<\/mark>\u00a0<\/strong><\/p>\n<p>https:\/\/twitter.com\/SECTUR_mx\/status\/964550785991356422<\/p>\n","protected":false},"excerpt":{"rendered":"<p>La ceremonia se realiz\u00f3 este viernes en el Estadio Azteca. <\/p>\n","protected":false},"author":165,"featured_media":517933,"comment_status":"closed","ping_status":"closed","sticky":false,"template":"","format":"standard","meta":[],"categories":[2198,3847],"tags":[11803,11804,182,125,956,11805,554,310,65,133,1849],"_links":{"self":[{"href":"http:\/\/desarrollo.grupomedios.com\/futbol\/wp-json\/wp\/v2\/posts\/517927"}],"collection":[{"href":"http:\/\/desarrollo.grupomedios.com\/futbol\/wp-json\/wp\/v2\/posts"}],"about":[{"href":"http:\/\/desarrollo.grupomedios.com\/futbol\/wp-json\/wp\/v2\/types\/post"}],"author":[{"embeddable":true,"href":"http:\/\/desarrollo.grupomedios.com\/futbol\/wp-json\/wp\/v2\/users\/165"}],"replies":[{"embeddable":true,"href":"http:\/\/desarrollo.grupomedios.com\/futbol\/wp-json\/wp\/v2\/comments?post=517927"}],"version-history":[{"count":2,"href":"http:\/\/desarrollo.grupomedios.com\/futbol\/wp-json\/wp\/v2\/posts\/517927\/revisions"}],"predecessor-version":[{"id":517935,"href":"http:\/\/desarrollo.grupomedios.com\/futbol\/wp-json\/wp\/v2\/posts\/517927\/revisions\/517935"}],"wp:featuredmedia":[{"embeddable":true,"href":"http:\/\/desarrollo.grupomedios.com\/futbol\/wp-json\/wp\/v2\/media\/517933"}],"wp:attachment":[{"href":"http:\/\/desarrollo.grupomedios.com\/futbol\/wp-json\/wp\/v2\/media?parent=517927"}],"wp:term":[{"taxonomy":"category","embeddable":true,"href":"http:\/\/desarrollo.grupomedios.com\/futbol\/wp-json\/wp\/v2\/categories?post=517927"},{"taxonomy":"post_tag","embeddable":true,"href":"http:\/\/desarrollo.grupomedios.com\/futbol\/wp-json\/wp\/v2\/tags?post=517927"}],"curies":[{"name":"wp","href":"https:\/\/api.w.org\/{rel}","templated":true}]}}