{"id":517940,"date":"2018-02-16T12:31:37","date_gmt":"2018-02-16T18:31:37","guid":{"rendered":"https:\/\/www.futboltotal.com.mx\/?p=517940"},"modified":"2018-02-16T12:31:37","modified_gmt":"2018-02-16T18:31:37","slug":"andrea-pirlo-la-invitacion-a-partido-despedida","status":"publish","type":"post","link":"http:\/\/desarrollo.grupomedios.com\/futbol\/futbol-internacional\/andrea-pirlo-la-invitacion-a-partido-despedida\/2018\/02","title":{"rendered":"Andrea Pirlo y la invitaci\u00f3n a su partido de despedida"},"content":{"rendered":"<p>Las etapas se van cerrando, y tenemos una nueva ceremonia de despedida de un grande del balonpi\u00e9.<\/p>\n<p>As\u00ed como <strong>Kak\u00e1, Xabi Alonso, Steven Gerrard, Francesco Totti<\/strong> y <strong>Frank Lampard,<\/strong> <mark><strong>Andrea Pirlo<\/strong> tambi\u00e9n despidi\u00f3 su carrera a finales del a\u00f1o pasado y ahora prepara su partido de despedida.<\/mark><\/p>\n<p><mark>El juego ser\u00e1 el <strong>21 de mayo<\/strong><\/mark> (misma fecha en la cual hab\u00eda tenido su debut en primera divisi\u00f3n, en 1996 con el <strong>Brescia;<\/strong> y dos d\u00edas despu\u00e9s de que cumpla 39 a\u00f1os) y por supuesto que ser\u00e1 en el <strong>San Siro,<\/strong> el estadio que m\u00e1s ha disfrutado de su talento. El jugador indic\u00f3 que las ganancias ser\u00e1n donadas a dos entidades ben\u00e9ficas.<\/p>\n<p style=\"text-align: center;\"><a href=\"https:\/\/www.futboltotal.com.mx\/futbol-internacional\/mls-futbol-internacional\/andrea-pirlo-il-metronomo-adios-23-anos-clase-elegancia\/2017\/11\">VER M\u00c1S: Andrea Pirlo, \u2018Il Metr\u00f3nomo\u2019, adi\u00f3s a 23 a\u00f1os de clase y elegancia<\/a><\/p>\n<p><mark><strong>Pirlo<\/strong> invit\u00f3 a ex compa\u00f1eros y amigos suyos a trav\u00e9s de una carta,<\/mark> que fue publicada por la<em> Gazzetta dello Sport:<\/em><\/p>\n<p><em>&#8220;El 21 de mayo voy a festejar contigo mi despedida del f\u00fatbol profesional. Una ocasi\u00f3n para compartir una noche especial con los compa\u00f1eros de una vida, tantos amigos y seguidores, haciendo lo que m\u00e1s nos gusta. El partido se llevar\u00e1 a cabo en San Siro, campo de tantas batallas, el marco perfecto para un verdadero duelo entre campeones. El inicio ser\u00e1 a las 20.30. Una vez que termine habr\u00e1 una cena para continuar los festejos con un brindis. Parte de lo recaudado ser\u00e1 devuelto a dos asociaciones que est\u00e1n muy cerca de mi coraz\u00f3n, Fondazione Vialli e Mauro e a Il volo di Pietro Onlus. Te pido cort\u00e9smente que confirmes tu presencia as\u00ed me contacto con mi agencia para organizar el viaje y un eventual hotel&#8221;.<\/em><\/p>\n<p>As\u00ed, la estrella del <strong>Milan<\/strong> y <strong>Juventus<\/strong> celebrar\u00e1 con sus amigos y tambi\u00e9n cracks, una despedida que segur\u00f3 ser\u00e1 bastante comentada en Italia y el mundo.<\/p>\n<p><img decoding=\"async\" loading=\"lazy\" class=\"size-large wp-image-517942 aligncenter\" src=\"https:\/\/www.futboltotal.com.mx\/wp-content\/uploads\/2018\/02\/carta-576x1024.jpg\" alt=\"Andrea Pirlo y la invitaci\u00f3n a su partido de despedida 0\" srcset=\"http:\/\/desarrollo.grupomedios.com\/futbol\/wp-content\/uploads\/2018\/02\/carta-576x1024.jpg 576w, http:\/\/desarrollo.grupomedios.com\/futbol\/wp-content\/uploads\/2018\/02\/carta-169x300.jpg 169w, http:\/\/desarrollo.grupomedios.com\/futbol\/wp-content\/uploads\/2018\/02\/carta.jpg 660w\" sizes=\"(max-width: 576px) 100vw, 576px\" \/><\/p>\n","protected":false},"excerpt":{"rendered":"<p>El centrocampista prepara una ceremonia en el m\u00edtico San Siro. <\/p>\n","protected":false},"author":165,"featured_media":517946,"comment_status":"closed","ping_status":"closed","sticky":false,"template":"","format":"standard","meta":[],"categories":[3839,3848],"tags":[6078,11807,11809,5999,11808,242,8311,2990,2692,3020],"_links":{"self":[{"href":"http:\/\/desarrollo.grupomedios.com\/futbol\/wp-json\/wp\/v2\/posts\/517940"}],"collection":[{"href":"http:\/\/desarrollo.grupomedios.com\/futbol\/wp-json\/wp\/v2\/posts"}],"about":[{"href":"http:\/\/desarrollo.grupomedios.com\/futbol\/wp-json\/wp\/v2\/types\/post"}],"author":[{"embeddable":true,"href":"http:\/\/desarrollo.grupomedios.com\/futbol\/wp-json\/wp\/v2\/users\/165"}],"replies":[{"embeddable":true,"href":"http:\/\/desarrollo.grupomedios.com\/futbol\/wp-json\/wp\/v2\/comments?post=517940"}],"version-history":[{"count":1,"href":"http:\/\/desarrollo.grupomedios.com\/futbol\/wp-json\/wp\/v2\/posts\/517940\/revisions"}],"predecessor-version":[{"id":517947,"href":"http:\/\/desarrollo.grupomedios.com\/futbol\/wp-json\/wp\/v2\/posts\/517940\/revisions\/517947"}],"wp:featuredmedia":[{"embeddable":true,"href":"http:\/\/desarrollo.grupomedios.com\/futbol\/wp-json\/wp\/v2\/media\/517946"}],"wp:attachment":[{"href":"http:\/\/desarrollo.grupomedios.com\/futbol\/wp-json\/wp\/v2\/media?parent=517940"}],"wp:term":[{"taxonomy":"category","embeddable":true,"href":"http:\/\/desarrollo.grupomedios.com\/futbol\/wp-json\/wp\/v2\/categories?post=517940"},{"taxonomy":"post_tag","embeddable":true,"href":"http:\/\/desarrollo.grupomedios.com\/futbol\/wp-json\/wp\/v2\/tags?post=517940"}],"curies":[{"name":"wp","href":"https:\/\/api.w.org\/{rel}","templated":true}]}}