{"id":517941,"date":"2018-02-16T12:22:11","date_gmt":"2018-02-16T18:22:11","guid":{"rendered":"https:\/\/www.futboltotal.com.mx\/?p=517941"},"modified":"2018-02-16T12:22:11","modified_gmt":"2018-02-16T18:22:11","slug":"mexicano-acompanara-a-giovani-jonathan-en-la-galaxy","status":"publish","type":"post","link":"http:\/\/desarrollo.grupomedios.com\/futbol\/futbol-internacional\/mexicano-acompanara-a-giovani-jonathan-en-la-galaxy\/2018\/02","title":{"rendered":"Otro mexicano acompa\u00f1ar\u00e1 a Giovani y Jonathan en LA Galaxy"},"content":{"rendered":"<p>Adem\u00e1s de<strong> Giovani y Jonathan Dos Santos<\/strong> otro mexicano tendr\u00e1 su oportunidad en <strong>LA Galaxy<\/strong> luego que fuera incluido en la plantilla para la siguiente temporada que comenzar\u00e1 este marzo, en donde tambi\u00e9n debutar\u00e1 <strong>Carlos Vela<\/strong> con la franquicia <strong>Los Angeles FC<\/strong>, lo que nos dejar\u00e1 cuatro mexicanos en los equipos angelinos.<\/p>\n<p>El mediocampista de 29 a\u00f1os, <strong>Servando Carrasco<\/strong> quien anteriormente militara en otros equipos de la MLS como<strong>\u00a0Seattle Saunders, Houston Dynamo, Sporting Kansas City y Orlando City<\/strong>, adem\u00e1s que actualmente est\u00e1 casado con <strong>Alex Morgan<\/strong>, jugadora muy famosa estadounidense, es quien ser\u00e1 nuevo compa\u00f1ero de los Dos Santos.<\/p>\n<p style=\"text-align: center;\"><a href=\"https:\/\/www.futboltotal.com.mx\/futbol-mexicano\/liga-mx\/gignac-lleva-al-volcan-la-habitacion-hijo\/2018\/02\">VER M\u00c1S: Gignac lleva al \u2018Volc\u00e1n\u2019 hasta la habitaci\u00f3n de su hijo<\/a><\/p>\n<p><img decoding=\"async\" loading=\"lazy\" class=\"aligncenter size-full wp-image-517944\" src=\"https:\/\/www.futboltotal.com.mx\/wp-content\/uploads\/2018\/02\/servando-carrasco-alex-morgan.jpg\" alt=\"Otro mexicano acompa\u00f1ar\u00e1 a Giovani y Jonathan en LA Galaxy 0\" srcset=\"http:\/\/desarrollo.grupomedios.com\/futbol\/wp-content\/uploads\/2018\/02\/servando-carrasco-alex-morgan.jpg 594w, http:\/\/desarrollo.grupomedios.com\/futbol\/wp-content\/uploads\/2018\/02\/servando-carrasco-alex-morgan-300x200.jpg 300w\" sizes=\"(max-width: 594px) 100vw, 594px\" \/><\/p>\n<p>Pese a que es nacido en <strong>California<\/strong>, el jugador tambi\u00e9n cuenta con la nacionalidad mexicana debido a la ascendencia familiar, pues pas\u00f3 la mayor parte de su ni\u00f1ez viviendo en <strong>Tijuana,<\/strong> para m\u00e1s tarde regresar a Estados Unidos y estudiar en\u00a0la <strong>Universidad de Berkely<\/strong>, en donde conoci\u00f3 a su actual esposa y con quien coincidiera mientras ambos jugaron en el Orlando City.<\/p>\n<p>Para esta temporada 2018 que comienza en marzo, el jugador m\u00e9xico-americano vivir\u00e1 una nueva oportunidad de brillar en el futbol de la MLS luego de ser elegido en el Draft de reentrada por LA Galaxy en busca de compartir el terreno de juego con los dos mexicanos del equipo.<\/p>\n<p style=\"text-align: center;\"><a href=\"https:\/\/www.futboltotal.com.mx\/futbol-internacional\/liga-de-espana\/inesperado-cambio-plantean-chelsea-real-madrid\/2018\/02\">VER M\u00c1S: El inesperado cambio que plantean Chelsea y Real Madrid<\/a><\/p>\n<section class=\"sumario-ficha\">\n<div class=\"cont-ficha\"><\/div>\n<\/section>\n","protected":false},"excerpt":{"rendered":"<p>El futbolista mexico-americano est\u00e1 casado con la jugador estadounidense Alex Morgan<\/p>\n","protected":false},"author":159,"featured_media":517943,"comment_status":"closed","ping_status":"closed","sticky":false,"template":"","format":"standard","meta":[],"categories":[3839,9635],"tags":[2034,5982,48,1098,195,11806],"_links":{"self":[{"href":"http:\/\/desarrollo.grupomedios.com\/futbol\/wp-json\/wp\/v2\/posts\/517941"}],"collection":[{"href":"http:\/\/desarrollo.grupomedios.com\/futbol\/wp-json\/wp\/v2\/posts"}],"about":[{"href":"http:\/\/desarrollo.grupomedios.com\/futbol\/wp-json\/wp\/v2\/types\/post"}],"author":[{"embeddable":true,"href":"http:\/\/desarrollo.grupomedios.com\/futbol\/wp-json\/wp\/v2\/users\/159"}],"replies":[{"embeddable":true,"href":"http:\/\/desarrollo.grupomedios.com\/futbol\/wp-json\/wp\/v2\/comments?post=517941"}],"version-history":[{"count":1,"href":"http:\/\/desarrollo.grupomedios.com\/futbol\/wp-json\/wp\/v2\/posts\/517941\/revisions"}],"predecessor-version":[{"id":517945,"href":"http:\/\/desarrollo.grupomedios.com\/futbol\/wp-json\/wp\/v2\/posts\/517941\/revisions\/517945"}],"wp:featuredmedia":[{"embeddable":true,"href":"http:\/\/desarrollo.grupomedios.com\/futbol\/wp-json\/wp\/v2\/media\/517943"}],"wp:attachment":[{"href":"http:\/\/desarrollo.grupomedios.com\/futbol\/wp-json\/wp\/v2\/media?parent=517941"}],"wp:term":[{"taxonomy":"category","embeddable":true,"href":"http:\/\/desarrollo.grupomedios.com\/futbol\/wp-json\/wp\/v2\/categories?post=517941"},{"taxonomy":"post_tag","embeddable":true,"href":"http:\/\/desarrollo.grupomedios.com\/futbol\/wp-json\/wp\/v2\/tags?post=517941"}],"curies":[{"name":"wp","href":"https:\/\/api.w.org\/{rel}","templated":true}]}}