{"id":517959,"date":"2018-02-15T19:00:17","date_gmt":"2018-02-16T01:00:17","guid":{"rendered":"https:\/\/www.futboltotal.com.mx\/?p=517959"},"modified":"2018-02-16T21:32:15","modified_gmt":"2018-02-17T03:32:15","slug":"monarcas-morelia-vs-lobos-buap-clausura-2018-en-vivo-minuto-a-minuto","status":"publish","type":"post","link":"http:\/\/desarrollo.grupomedios.com\/futbol\/uncategorized\/monarcas-morelia-vs-lobos-buap-clausura-2018-en-vivo-minuto-a-minuto\/2018\/02","title":{"rendered":"Monarcas Morelia vs Lobos BUAP | Clausura 2018 | EN VIVO: Minuto a minuto"},"content":{"rendered":"<p><strong>Monarcas Morelia<\/strong> enfrenta a <strong>Lobos BUAP<\/strong> en el inicio de la Jornada 8 del Torneo Clausura 2018 de la Liga MX.<\/p>\n<iframe src=\"https:\/\/en-vivo.futboltotal.com.mx\/embed.php\/?id=583\" width=\"100%\" id=\"frame_minuto\"><\/iframe>\n<p>Los michoacanos vienen de una semana para el olvido despu\u00e9s de perder frente a Pumas y Am\u00e9rica, y quieren volver a la senda del triunfo en su casa cuando enfrenten a los lic\u00e1ntropos.<\/p>\n<p>Los poblanos tienen una misi\u00f3n muy clara, sumar los puntos posibles para lograr la permanencia en la Primera Divisi\u00f3n.<\/p>\n<p><strong>\u00a1NO TE LO PIERDAS EL MINUTO A MINUTO DE MONARCAS VS LOBOS BUAP EN PUNTO DE LAS 19:00 HORAS!<\/strong><\/p>\n","protected":false},"excerpt":{"rendered":"<p>Los michoacanos buscan levantarse de una muy mala semana<\/p>\n","protected":false},"author":160,"featured_media":517960,"comment_status":"closed","ping_status":"closed","sticky":false,"template":"","format":"standard","meta":[],"categories":[1],"tags":[9028,3061,431,784],"_links":{"self":[{"href":"http:\/\/desarrollo.grupomedios.com\/futbol\/wp-json\/wp\/v2\/posts\/517959"}],"collection":[{"href":"http:\/\/desarrollo.grupomedios.com\/futbol\/wp-json\/wp\/v2\/posts"}],"about":[{"href":"http:\/\/desarrollo.grupomedios.com\/futbol\/wp-json\/wp\/v2\/types\/post"}],"author":[{"embeddable":true,"href":"http:\/\/desarrollo.grupomedios.com\/futbol\/wp-json\/wp\/v2\/users\/160"}],"replies":[{"embeddable":true,"href":"http:\/\/desarrollo.grupomedios.com\/futbol\/wp-json\/wp\/v2\/comments?post=517959"}],"version-history":[{"count":2,"href":"http:\/\/desarrollo.grupomedios.com\/futbol\/wp-json\/wp\/v2\/posts\/517959\/revisions"}],"predecessor-version":[{"id":517962,"href":"http:\/\/desarrollo.grupomedios.com\/futbol\/wp-json\/wp\/v2\/posts\/517959\/revisions\/517962"}],"wp:featuredmedia":[{"embeddable":true,"href":"http:\/\/desarrollo.grupomedios.com\/futbol\/wp-json\/wp\/v2\/media\/517960"}],"wp:attachment":[{"href":"http:\/\/desarrollo.grupomedios.com\/futbol\/wp-json\/wp\/v2\/media?parent=517959"}],"wp:term":[{"taxonomy":"category","embeddable":true,"href":"http:\/\/desarrollo.grupomedios.com\/futbol\/wp-json\/wp\/v2\/categories?post=517959"},{"taxonomy":"post_tag","embeddable":true,"href":"http:\/\/desarrollo.grupomedios.com\/futbol\/wp-json\/wp\/v2\/tags?post=517959"}],"curies":[{"name":"wp","href":"https:\/\/api.w.org\/{rel}","templated":true}]}}