{"id":517967,"date":"2018-02-16T18:57:31","date_gmt":"2018-02-17T00:57:31","guid":{"rendered":"https:\/\/www.futboltotal.com.mx\/?p=517967"},"modified":"2018-02-17T21:05:57","modified_gmt":"2018-02-18T03:05:57","slug":"tigres-vs-atlas-clausura-2018-en-vivo-minuto-a-minuto","status":"publish","type":"post","link":"http:\/\/desarrollo.grupomedios.com\/futbol\/futbol-mexicano\/tigres-vs-atlas-clausura-2018-en-vivo-minuto-a-minuto\/2018\/02","title":{"rendered":"Tigres vs Atlas | Clausura 2018 | EN VIVO: Minuto a minuto"},"content":{"rendered":"<p><strong>Tigres de la UANL<\/strong> recibe la visita de los <strong>Rojinegros del Atlas<\/strong> en duelo de la Jornada 8 del Torneo Clausura 2018 de la Liga MX.<\/p>\n<iframe src=\"https:\/\/en-vivo.futboltotal.com.mx\/embed.php\/?id=585\" width=\"100%\" id=\"frame_minuto\"><\/iframe>\n<p>Los felinos no han podido conseguir la victoria en los \u00faltimos tres partidos y est\u00e1n viviendo un bache del cual espera salir pronto el cuadro regiomontano.<\/p>\n<p>Los atlistas no han tenido consistencia desde la llegada de Rub\u00e9n Omar Romano a la direcci\u00f3n t\u00e9cnica.<\/p>\n<p><strong>\u00a1NO TE PIERDAS EL MINUTO A MINUTO DEL TIGRES VS ATLAS EN PUNTO DE LAS 19:00 HORAS!<\/strong><\/p>\n","protected":false},"excerpt":{"rendered":"<p>Los felinos quieren recuperar el paso en casa<\/p>\n","protected":false},"author":160,"featured_media":517968,"comment_status":"closed","ping_status":"closed","sticky":false,"template":"","format":"standard","meta":[],"categories":[2198,3845],"tags":[5961,9028,3061,5973],"_links":{"self":[{"href":"http:\/\/desarrollo.grupomedios.com\/futbol\/wp-json\/wp\/v2\/posts\/517967"}],"collection":[{"href":"http:\/\/desarrollo.grupomedios.com\/futbol\/wp-json\/wp\/v2\/posts"}],"about":[{"href":"http:\/\/desarrollo.grupomedios.com\/futbol\/wp-json\/wp\/v2\/types\/post"}],"author":[{"embeddable":true,"href":"http:\/\/desarrollo.grupomedios.com\/futbol\/wp-json\/wp\/v2\/users\/160"}],"replies":[{"embeddable":true,"href":"http:\/\/desarrollo.grupomedios.com\/futbol\/wp-json\/wp\/v2\/comments?post=517967"}],"version-history":[{"count":1,"href":"http:\/\/desarrollo.grupomedios.com\/futbol\/wp-json\/wp\/v2\/posts\/517967\/revisions"}],"predecessor-version":[{"id":517969,"href":"http:\/\/desarrollo.grupomedios.com\/futbol\/wp-json\/wp\/v2\/posts\/517967\/revisions\/517969"}],"wp:featuredmedia":[{"embeddable":true,"href":"http:\/\/desarrollo.grupomedios.com\/futbol\/wp-json\/wp\/v2\/media\/517968"}],"wp:attachment":[{"href":"http:\/\/desarrollo.grupomedios.com\/futbol\/wp-json\/wp\/v2\/media?parent=517967"}],"wp:term":[{"taxonomy":"category","embeddable":true,"href":"http:\/\/desarrollo.grupomedios.com\/futbol\/wp-json\/wp\/v2\/categories?post=517967"},{"taxonomy":"post_tag","embeddable":true,"href":"http:\/\/desarrollo.grupomedios.com\/futbol\/wp-json\/wp\/v2\/tags?post=517967"}],"curies":[{"name":"wp","href":"https:\/\/api.w.org\/{rel}","templated":true}]}}