{"id":517973,"date":"2018-02-16T15:46:19","date_gmt":"2018-02-16T21:46:19","guid":{"rendered":"https:\/\/www.futboltotal.com.mx\/?p=517973"},"modified":"2018-02-16T15:46:19","modified_gmt":"2018-02-16T21:46:19","slug":"13-junio-mexico-sabra-tendra-mundial-en-2026","status":"publish","type":"post","link":"http:\/\/desarrollo.grupomedios.com\/futbol\/futbol-mexicano\/13-junio-mexico-sabra-tendra-mundial-en-2026\/2018\/02","title":{"rendered":"13 de junio, M\u00e9xico sabr\u00e1 si tendr\u00e1 o no Mundial en 2026"},"content":{"rendered":"<p><strong>M\u00e9xico<\/strong> podr\u00eda convertirse en el primer pa\u00eds en todo el mundo en ser sede la Copa del Mundo, si el pr\u00f3ximo <strong>13 de junio<\/strong> el Congreso de Mosc\u00fa aprueba que el pa\u00eds azteca en conjunto con Estados Unidos y Canad\u00e1 ser\u00e1n los pa\u00edses que alberguen la justa mundialista.<\/p>\n<p>La <strong>Selecci\u00f3n Mexicana<\/strong> podr\u00eda jugar por tercera vez en un Mundial en el <strong>estadio Azteca<\/strong> de la Ciudad de M\u00e9xico, a lo cual Decio de Mar\u00eda muestra mucha confianza.<\/p>\n<p>Este d\u00eda, M\u00e9xico entreg\u00f3 los documentos que requer\u00eda <strong>la FIFA<\/strong> para tomar por completa la fase inicial para poder ser la sede de la Copa del Mundo del 2026.<\/p>\n<p style=\"text-align: center;\"><span style=\"color: #333399;\"><a href=\"https:\/\/www.futboltotal.com.mx\/futbol-mexicano\/mexico-entrego-los-documentos-oficializan-candidatura-a-la-copa-del-mundo-2026\/2018\/02\">VER M\u00c1S: <span class=\"item-title\">M\u00e9xico entreg\u00f3 los documentos que oficializan su candidatura a la Copa del Mundo de 2026<\/span><\/a><\/span><\/p>\n<p><strong>Decio de Mar\u00eda y Yon de Luisa<\/strong> muestran mucha confianza en el hecho de que M\u00e9xico pueda ser considerada de nueva cuenta como sede mundialista<\/p>\n<p>De Mar\u00eda fue claro y argument\u00f3 que &#8220;espero que tengamos una gran noticia el 13 de junio y le den a <strong>M\u00e9xico, EU y Canad\u00e1<\/strong> la serie conjunta del Mundial&#8221;.<\/p>\n","protected":false},"excerpt":{"rendered":"<p>Decio de Mar\u00eda, presidente de la FMF, dio a conocer la situaci\u00f3n<\/p>\n","protected":false},"author":160,"featured_media":517975,"comment_status":"closed","ping_status":"closed","sticky":false,"template":"","format":"standard","meta":[],"categories":[2198,3845],"tags":[11810,65],"_links":{"self":[{"href":"http:\/\/desarrollo.grupomedios.com\/futbol\/wp-json\/wp\/v2\/posts\/517973"}],"collection":[{"href":"http:\/\/desarrollo.grupomedios.com\/futbol\/wp-json\/wp\/v2\/posts"}],"about":[{"href":"http:\/\/desarrollo.grupomedios.com\/futbol\/wp-json\/wp\/v2\/types\/post"}],"author":[{"embeddable":true,"href":"http:\/\/desarrollo.grupomedios.com\/futbol\/wp-json\/wp\/v2\/users\/160"}],"replies":[{"embeddable":true,"href":"http:\/\/desarrollo.grupomedios.com\/futbol\/wp-json\/wp\/v2\/comments?post=517973"}],"version-history":[{"count":1,"href":"http:\/\/desarrollo.grupomedios.com\/futbol\/wp-json\/wp\/v2\/posts\/517973\/revisions"}],"predecessor-version":[{"id":517976,"href":"http:\/\/desarrollo.grupomedios.com\/futbol\/wp-json\/wp\/v2\/posts\/517973\/revisions\/517976"}],"wp:featuredmedia":[{"embeddable":true,"href":"http:\/\/desarrollo.grupomedios.com\/futbol\/wp-json\/wp\/v2\/media\/517975"}],"wp:attachment":[{"href":"http:\/\/desarrollo.grupomedios.com\/futbol\/wp-json\/wp\/v2\/media?parent=517973"}],"wp:term":[{"taxonomy":"category","embeddable":true,"href":"http:\/\/desarrollo.grupomedios.com\/futbol\/wp-json\/wp\/v2\/categories?post=517973"},{"taxonomy":"post_tag","embeddable":true,"href":"http:\/\/desarrollo.grupomedios.com\/futbol\/wp-json\/wp\/v2\/tags?post=517973"}],"curies":[{"name":"wp","href":"https:\/\/api.w.org\/{rel}","templated":true}]}}