{"id":517986,"date":"2018-02-16T19:54:28","date_gmt":"2018-02-17T01:54:28","guid":{"rendered":"https:\/\/www.futboltotal.com.mx\/?p=517986"},"modified":"2018-02-17T22:58:07","modified_gmt":"2018-02-18T04:58:07","slug":"necaxa-vs-monterrey-clausura-2018-en-vivo-minuto-a-minuto","status":"publish","type":"post","link":"http:\/\/desarrollo.grupomedios.com\/futbol\/futbol-mexicano\/necaxa-vs-monterrey-clausura-2018-en-vivo-minuto-a-minuto\/2018\/02","title":{"rendered":"Necaxa vs Monterrey | Clausura 2018 | EN VIVO: Minuto a minuto"},"content":{"rendered":"<p>Los <strong>Rayos del Necaxa<\/strong> reciben la visita de los <strong>Rayados de Monterrey<\/strong> en duelo de la Jornada 8 del Torneo Clausura 2018 de la Liga MX.<\/p>\n<iframe src=\"https:\/\/en-vivo.futboltotal.com.mx\/embed.php\/?id=588\" width=\"100%\" id=\"frame_minuto\"><\/iframe>\n<p>Los necaxistas han mostrado mucha sangre en esta primera mitad del torneo, y si bien no iniciaron del todo bien, han venido teniendo grandes resultados y en casa tambi\u00e9n quieren darle alegr\u00edas a su afici\u00f3n.<\/p>\n<p>Los regiomontanos dejaron ir la victoria en casa frente a Cruz Azul, y no est\u00e1n buscando qui\u00e9n se las hizo, sino qui\u00e9n se las pague.<\/p>\n<p><strong>\u00a1NO TE PIERDAS EL MINUTO A MINUTO DEL NECAXA VS MONTERREY EN PUNTO DE LAS 21:00 HORAS!<\/strong><\/p>\n","protected":false},"excerpt":{"rendered":"<p>Los Rayos, por su primer triunfo en casa<\/p>\n","protected":false},"author":160,"featured_media":517987,"comment_status":"closed","ping_status":"closed","sticky":false,"template":"","format":"standard","meta":[],"categories":[2198,3845],"tags":[9028,3061,5966,261],"_links":{"self":[{"href":"http:\/\/desarrollo.grupomedios.com\/futbol\/wp-json\/wp\/v2\/posts\/517986"}],"collection":[{"href":"http:\/\/desarrollo.grupomedios.com\/futbol\/wp-json\/wp\/v2\/posts"}],"about":[{"href":"http:\/\/desarrollo.grupomedios.com\/futbol\/wp-json\/wp\/v2\/types\/post"}],"author":[{"embeddable":true,"href":"http:\/\/desarrollo.grupomedios.com\/futbol\/wp-json\/wp\/v2\/users\/160"}],"replies":[{"embeddable":true,"href":"http:\/\/desarrollo.grupomedios.com\/futbol\/wp-json\/wp\/v2\/comments?post=517986"}],"version-history":[{"count":1,"href":"http:\/\/desarrollo.grupomedios.com\/futbol\/wp-json\/wp\/v2\/posts\/517986\/revisions"}],"predecessor-version":[{"id":517988,"href":"http:\/\/desarrollo.grupomedios.com\/futbol\/wp-json\/wp\/v2\/posts\/517986\/revisions\/517988"}],"wp:featuredmedia":[{"embeddable":true,"href":"http:\/\/desarrollo.grupomedios.com\/futbol\/wp-json\/wp\/v2\/media\/517987"}],"wp:attachment":[{"href":"http:\/\/desarrollo.grupomedios.com\/futbol\/wp-json\/wp\/v2\/media?parent=517986"}],"wp:term":[{"taxonomy":"category","embeddable":true,"href":"http:\/\/desarrollo.grupomedios.com\/futbol\/wp-json\/wp\/v2\/categories?post=517986"},{"taxonomy":"post_tag","embeddable":true,"href":"http:\/\/desarrollo.grupomedios.com\/futbol\/wp-json\/wp\/v2\/tags?post=517986"}],"curies":[{"name":"wp","href":"https:\/\/api.w.org\/{rel}","templated":true}]}}