{"id":518000,"date":"2018-02-16T21:30:51","date_gmt":"2018-02-17T03:30:51","guid":{"rendered":"https:\/\/www.futboltotal.com.mx\/?p=518000"},"modified":"2018-02-16T21:30:51","modified_gmt":"2018-02-17T03:30:51","slug":"la-protesta-en-potros-uaem-tapachula-cimbro-al-ascenso-mx","status":"publish","type":"post","link":"http:\/\/desarrollo.grupomedios.com\/futbol\/futbol-mexicano\/la-protesta-en-potros-uaem-tapachula-cimbro-al-ascenso-mx\/2018\/02","title":{"rendered":"La protesta en el Potros UAEM-Tapachula que cimbr\u00f3 al Ascenso MX"},"content":{"rendered":"<p>El <strong>Ascenso MX<\/strong> vive una de sus etapas m\u00e1s dif\u00edciles de la historia, despu\u00e9s de que se haya se\u00f1alado hace un par de semanas que existe la posibilidad de que los equipos que est\u00e1n en esta categor\u00eda no podr\u00eda ascender a la <strong>Primera Divisi\u00f3n<\/strong> durante los pr\u00f3ximos cuatro a\u00f1os.<\/p>\n<p>Esta situaci\u00f3n ya fue discutida por el <strong>Comit\u00e9 de Desarrollo Deportivo de la Liga MX<\/strong> y los directivos del Ascenso, y al parecer no se va a llevar a cabo, pero hay situaciones que nunca cambian.<\/p>\n<p>El equipo Murci\u00e9lagos tiene un adeudo con sus futbolistas, y la presi\u00f3n a la directiva de <strong>Los Mochis<\/strong> ya se le vino encima por parte de todo el Ascenso MX.<\/p>\n<p style=\"text-align: center;\"><span style=\"color: #333399;\"><a href=\"https:\/\/www.futboltotal.com.mx\/futbol-mexicano\/tecnico-correcaminos-agrede-a-reportero-en-ascenso-mx\/2018\/02\">VER M\u00c1S:\u00a0<span class=\"item-title\">T\u00e9cnico de Correcaminos agrede a reportero en el Ascenso MX<\/span><\/a><\/span><\/p>\n<p>En el duelo entre <strong>Potros UAEM y Tapachula<\/strong> de este viernes por la noche, <mark><strong>los futbolistas no tocaron el esf\u00e9rico durante los primeros 40 segundos del encuentro en apoyo a la situaci\u00f3n que viven los jugadores de Murci\u00e9lagos<\/strong><\/mark>, y las muestras de apoyo podr\u00edan seguir en los dem\u00e1s partidos.<\/p>\n<p>El Ascenso MX es una de esas calderas que est\u00e1 hirviendo de sobremanera en esta etapa del futbol.<\/p>\n<blockquote class=\"twitter-tweet\" data-lang=\"es\">\n<p dir=\"ltr\" lang=\"es\">En el Potros UAEM vs Cafetaleros de Tapachula protestaron la falta de pagos a Murci\u00e9lagos con casi un minuto sin jugar por motivaci\u00f3n de la <a href=\"https:\/\/twitter.com\/AMFproMX?ref_src=twsrc%5Etfw\">@AMFproMX<\/a>.<br \/>\nOjal\u00e1 llegara esto a Primera Divisi\u00f3n. (V\u00eda <a href=\"https:\/\/twitter.com\/mluiscastillo?ref_src=twsrc%5Etfw\">@mluiscastillo<\/a>) <a href=\"https:\/\/t.co\/hDfIfzV5lc\">pic.twitter.com\/hDfIfzV5lc<\/a><\/p>\n<p>\u2014 Luis Fridman (@hombredelfrid) <a href=\"https:\/\/twitter.com\/hombredelfrid\/status\/964668838834003969?ref_src=twsrc%5Etfw\">17 de febrero de 2018<\/a><\/p><\/blockquote>\n<p><script async src=\"https:\/\/platform.twitter.com\/widgets.js\" charset=\"utf-8\"><\/script><\/p>\n","protected":false},"excerpt":{"rendered":"<p>El Ascenso MX est\u00e1 sufriendo duros golpes por varias razones<\/p>\n","protected":false},"author":160,"featured_media":518001,"comment_status":"closed","ping_status":"closed","sticky":false,"template":"","format":"standard","meta":[],"categories":[3843,2198,3845],"tags":[11812,432,1764,8035,8081],"_links":{"self":[{"href":"http:\/\/desarrollo.grupomedios.com\/futbol\/wp-json\/wp\/v2\/posts\/518000"}],"collection":[{"href":"http:\/\/desarrollo.grupomedios.com\/futbol\/wp-json\/wp\/v2\/posts"}],"about":[{"href":"http:\/\/desarrollo.grupomedios.com\/futbol\/wp-json\/wp\/v2\/types\/post"}],"author":[{"embeddable":true,"href":"http:\/\/desarrollo.grupomedios.com\/futbol\/wp-json\/wp\/v2\/users\/160"}],"replies":[{"embeddable":true,"href":"http:\/\/desarrollo.grupomedios.com\/futbol\/wp-json\/wp\/v2\/comments?post=518000"}],"version-history":[{"count":1,"href":"http:\/\/desarrollo.grupomedios.com\/futbol\/wp-json\/wp\/v2\/posts\/518000\/revisions"}],"predecessor-version":[{"id":518002,"href":"http:\/\/desarrollo.grupomedios.com\/futbol\/wp-json\/wp\/v2\/posts\/518000\/revisions\/518002"}],"wp:featuredmedia":[{"embeddable":true,"href":"http:\/\/desarrollo.grupomedios.com\/futbol\/wp-json\/wp\/v2\/media\/518001"}],"wp:attachment":[{"href":"http:\/\/desarrollo.grupomedios.com\/futbol\/wp-json\/wp\/v2\/media?parent=518000"}],"wp:term":[{"taxonomy":"category","embeddable":true,"href":"http:\/\/desarrollo.grupomedios.com\/futbol\/wp-json\/wp\/v2\/categories?post=518000"},{"taxonomy":"post_tag","embeddable":true,"href":"http:\/\/desarrollo.grupomedios.com\/futbol\/wp-json\/wp\/v2\/tags?post=518000"}],"curies":[{"name":"wp","href":"https:\/\/api.w.org\/{rel}","templated":true}]}}