{"id":518003,"date":"2018-02-17T08:59:00","date_gmt":"2018-02-17T14:59:00","guid":{"rendered":"https:\/\/www.futboltotal.com.mx\/?p=518003"},"modified":"2018-02-17T08:59:00","modified_gmt":"2018-02-17T14:59:00","slug":"andres-iniesta-una-oferta-imposible-rechazar","status":"publish","type":"post","link":"http:\/\/desarrollo.grupomedios.com\/futbol\/futbol-internacional\/andres-iniesta-una-oferta-imposible-rechazar\/2018\/02","title":{"rendered":"Andr\u00e9s Iniesta tiene una oferta imposible de rechazar"},"content":{"rendered":"<p>El mediocampista y emblema del<strong> FC Barcelona, Andr\u00e9s Iniesta<\/strong> ha tenido ofertas muy serias del <strong>futbol de China<\/strong>, pero ahora, m\u00e1s all\u00e1 del dinero (que es mucho) el que le pueden ofrecer al fantasmita, le ofrecen una hip\u00f3tesis que no solo lo beneficiar\u00eda mientras juega al futbol, algo que tiene al manchego pensando seriamente la propuesta a pesar que no se ve en el futuro lejos de Barcelona.<\/p>\n<p>China le ofrece un modelo total de\u00a0publicidad y marketing, de igual forma una explotaci\u00f3n comercial de los\u00a0vinos de\u00a0<b>Bodegas Iniesta\u00a0<\/b>en toda\u00a0<b>China\u00a0<\/b>y\u00a0<b>Asia.\u00a0<\/b>Esto multiplicar\u00eda las ganancias de Iniesta casi por ocho el dinero que est\u00e1 percibiendo actualmente y solo tendr\u00eda que firmar por dos temporadas y pr\u00e1cticamente el resto ser\u00eda una inversi\u00f3n para el futbolista.<\/p>\n<p style=\"text-align: center;\"><a href=\"https:\/\/www.futboltotal.com.mx\/futbol-internacional\/mls-futbol-internacional\/mexicano-acompanara-a-giovani-jonathan-en-la-galaxy\/2018\/02\" target=\"_blank\" rel=\"noopener\">VER M\u00c1S: El otro mexicano que jugara en LA Galaxy<\/a><\/p>\n<p>De acuerdo a Mundo Deportivo, el futbolista est\u00e1 meditando seriamente la propuesta junto a su familia, sin embargo lo \u00fanico que desea en este momento es terminar la temporada con los blaugranas y ganar los t\u00edtulos que sean posibles y a pesar que no han existido negociaciones,<mark> desde China le hacen saber todas las facilidades que tendr\u00eda para llegar, desde escuelas para sus hijos hasta tres meses de vacaciones debido al formato del campeonato chino.<\/mark><\/p>\n<p>Esto a v\u00edsperas del duelo que enfrentar\u00e1 su equipo ante el<strong> Chelsea<\/strong> en <strong>Stamford Bridge<\/strong> por la<strong> UEFA Champions League<\/strong>, un recinto que le trae buenos recuerdos por el famoso gol que anotara llamado el\u00a0<i>Iniestazo,\u00a0<\/i>por ahora todo est\u00e1 en duda para el jugador del Barcelona en cuanto a su futuro.<\/p>\n<p style=\"text-align: center;\"><a href=\"https:\/\/www.futboltotal.com.mx\/futbol-internacional\/liga-de-espana\/inesperado-cambio-plantean-chelsea-real-madrid\/2018\/02\" target=\"_blank\" rel=\"noopener\">VER M\u00c1S: Chelsea y Real Madrid se plantean un intercambio de futbolistas<\/a><\/p>\n<p>&nbsp;<\/p>\n","protected":false},"excerpt":{"rendered":"<p>El mediocampista del FC Barcelona se plantea dejar al equipo al final de la temporada<\/p>\n","protected":false},"author":159,"featured_media":511734,"comment_status":"closed","ping_status":"closed","sticky":false,"template":"","format":"standard","meta":[],"categories":[3839,3844],"tags":[6052,831,1083],"_links":{"self":[{"href":"http:\/\/desarrollo.grupomedios.com\/futbol\/wp-json\/wp\/v2\/posts\/518003"}],"collection":[{"href":"http:\/\/desarrollo.grupomedios.com\/futbol\/wp-json\/wp\/v2\/posts"}],"about":[{"href":"http:\/\/desarrollo.grupomedios.com\/futbol\/wp-json\/wp\/v2\/types\/post"}],"author":[{"embeddable":true,"href":"http:\/\/desarrollo.grupomedios.com\/futbol\/wp-json\/wp\/v2\/users\/159"}],"replies":[{"embeddable":true,"href":"http:\/\/desarrollo.grupomedios.com\/futbol\/wp-json\/wp\/v2\/comments?post=518003"}],"version-history":[{"count":1,"href":"http:\/\/desarrollo.grupomedios.com\/futbol\/wp-json\/wp\/v2\/posts\/518003\/revisions"}],"predecessor-version":[{"id":518004,"href":"http:\/\/desarrollo.grupomedios.com\/futbol\/wp-json\/wp\/v2\/posts\/518003\/revisions\/518004"}],"wp:featuredmedia":[{"embeddable":true,"href":"http:\/\/desarrollo.grupomedios.com\/futbol\/wp-json\/wp\/v2\/media\/511734"}],"wp:attachment":[{"href":"http:\/\/desarrollo.grupomedios.com\/futbol\/wp-json\/wp\/v2\/media?parent=518003"}],"wp:term":[{"taxonomy":"category","embeddable":true,"href":"http:\/\/desarrollo.grupomedios.com\/futbol\/wp-json\/wp\/v2\/categories?post=518003"},{"taxonomy":"post_tag","embeddable":true,"href":"http:\/\/desarrollo.grupomedios.com\/futbol\/wp-json\/wp\/v2\/tags?post=518003"}],"curies":[{"name":"wp","href":"https:\/\/api.w.org\/{rel}","templated":true}]}}