{"id":518005,"date":"2018-02-17T09:21:57","date_gmt":"2018-02-17T15:21:57","guid":{"rendered":"https:\/\/www.futboltotal.com.mx\/?p=518005"},"modified":"2018-02-17T09:22:54","modified_gmt":"2018-02-17T15:22:54","slug":"las-palmas-1-sevilla-2-laliga-resumen-2018","status":"publish","type":"post","link":"http:\/\/desarrollo.grupomedios.com\/futbol\/destacado-home\/las-palmas-1-sevilla-2-laliga-resumen-2018\/2018\/02","title":{"rendered":"Miguel Lay\u00fan comete penal pero Sevilla gana"},"content":{"rendered":"<p>El lateral mexicano, <strong>Miguel Lay\u00fan<\/strong> jug\u00f3 los 90 minutos en la victoria de su equipo ante <strong>Las Palmas<\/strong> por marcador de 1-2, esto pese a que el mexicano cometi\u00f3 un penal que comprometi\u00f3 un poco su actuaci\u00f3n, pero al final lograron sacar el resultado positivo.<\/p>\n<p>El cuadro de Sevilla logr\u00f3 ponerse por delante en el marcador al minuto 35 gracias a una gran jugada de<strong> Sarabia<\/strong> que habilit\u00f3 a <strong>Aguirregaray<\/strong> quien dispar\u00f3 y e guardameta<strong>\u00a0Leandro Chichizola<\/strong> pudo atajar, pero\u00a0<strong> Ben Yedder\u00a0<\/strong>reaccion\u00f3 para empujar el esf\u00e9rico a las redes.<\/p>\n<p style=\"text-align: center;\"><a href=\"https:\/\/www.futboltotal.com.mx\/futbol-internacional\/liga-de-espana\/andres-iniesta-una-oferta-imposible-rechazar\/2018\/02\">VER M\u00c1S: Andr\u00e9s Iniesta tiene una oferta imposible de rechazar<\/a><\/p>\n<p>Las Palmas, dirigido por <strong>Paco J\u00e9mez<\/strong> tuvo la baja en el minuto 43 de <strong>Gabriel Pe\u00f1alba<\/strong>, quien se vio lesionado de la pierna derecha y tuvo que ser sustituido.<\/p>\n<p>De inmediato en el segundo tiempo <strong>Sarabia<\/strong> logr\u00f3 el 2-0 gracias a un centro de<strong> Franco V\u00e1zquez<\/strong> que fue rematado a dos metros de <strong>Chichizola<\/strong>, quien se qued\u00f3 con las manos atadas y no pudo hacer nada para detener la ca\u00edda de su equipo quien est\u00e1 en problemas de descenso.<\/p>\n<p>Al 82 fue cuando el mexicano Lay\u00fan derrib\u00f3 dentro del \u00e1rea a <strong>Halilovic<\/strong> y fue cambiado por gol gracias a <strong>Calleri<\/strong> d\u00e1ndole un tono dram\u00e1tico a los \u00faltimos minutos del encuentro pero al final el equipo de Sevilla se mostr\u00f3 s\u00f3lido y logr\u00f3 sacar el resultado.<\/p>\n<div data-list-position=\"\"><\/div>\n<div style=\"text-align: center;\" data-list-position=\"\"><a href=\"https:\/\/www.futboltotal.com.mx\/futbol-internacional\/liga-de-espana\/toni-kroos-baja-real-madrid-se-prenden-las-alarmas\/2018\/02\">VER M\u00c1S: Toni Kroos es baja con Real Madrid y se prenden las alarmas<\/a><\/div>\n","protected":false},"excerpt":{"rendered":"<p>El mexicano disput\u00f3 los 90 minutos del encuentro ante Las Palmas<\/p>\n","protected":false},"author":159,"featured_media":518006,"comment_status":"closed","ping_status":"closed","sticky":false,"template":"","format":"standard","meta":[],"categories":[5,3839,3844],"tags":[253,6114,4465,1035,49],"_links":{"self":[{"href":"http:\/\/desarrollo.grupomedios.com\/futbol\/wp-json\/wp\/v2\/posts\/518005"}],"collection":[{"href":"http:\/\/desarrollo.grupomedios.com\/futbol\/wp-json\/wp\/v2\/posts"}],"about":[{"href":"http:\/\/desarrollo.grupomedios.com\/futbol\/wp-json\/wp\/v2\/types\/post"}],"author":[{"embeddable":true,"href":"http:\/\/desarrollo.grupomedios.com\/futbol\/wp-json\/wp\/v2\/users\/159"}],"replies":[{"embeddable":true,"href":"http:\/\/desarrollo.grupomedios.com\/futbol\/wp-json\/wp\/v2\/comments?post=518005"}],"version-history":[{"count":2,"href":"http:\/\/desarrollo.grupomedios.com\/futbol\/wp-json\/wp\/v2\/posts\/518005\/revisions"}],"predecessor-version":[{"id":518008,"href":"http:\/\/desarrollo.grupomedios.com\/futbol\/wp-json\/wp\/v2\/posts\/518005\/revisions\/518008"}],"wp:featuredmedia":[{"embeddable":true,"href":"http:\/\/desarrollo.grupomedios.com\/futbol\/wp-json\/wp\/v2\/media\/518006"}],"wp:attachment":[{"href":"http:\/\/desarrollo.grupomedios.com\/futbol\/wp-json\/wp\/v2\/media?parent=518005"}],"wp:term":[{"taxonomy":"category","embeddable":true,"href":"http:\/\/desarrollo.grupomedios.com\/futbol\/wp-json\/wp\/v2\/categories?post=518005"},{"taxonomy":"post_tag","embeddable":true,"href":"http:\/\/desarrollo.grupomedios.com\/futbol\/wp-json\/wp\/v2\/tags?post=518005"}],"curies":[{"name":"wp","href":"https:\/\/api.w.org\/{rel}","templated":true}]}}