{"id":518011,"date":"2018-02-17T10:48:45","date_gmt":"2018-02-17T16:48:45","guid":{"rendered":"https:\/\/www.futboltotal.com.mx\/?p=518011"},"modified":"2018-02-17T10:48:45","modified_gmt":"2018-02-17T16:48:45","slug":"simeone-carga-contra-los-aficionados-griezmann","status":"publish","type":"post","link":"http:\/\/desarrollo.grupomedios.com\/futbol\/futbol-internacional\/simeone-carga-contra-los-aficionados-griezmann\/2018\/02","title":{"rendered":"Simeone carga contra los aficionados por Griezmann"},"content":{"rendered":"<p>El argentino <strong>Diego Simeone<\/strong>, entrenador del <strong>Atl\u00e9tico de Madrid,<\/strong> destac\u00f3 este s\u00e1bado la transcendencia en el equipo, en el grupo y en el vestuario de <strong>Antoine Griezmann<\/strong> y remarc\u00f3 que si \u00e9l &#8220;fuera hincha&#8221; del conjunto rojiblanco &#8220;har\u00eda todo lo posible para no perder&#8221; al delantero internacional franc\u00e9s.<\/p>\n<p>&#8220;Le conozco porque lo tengo todos los d\u00edas. <mark>La gente que no tiene la posibilidad de convivir con \u00e9l no puede ver el d\u00eda a d\u00eda. Es un chico fant\u00e1stico. Ilusi\u00f3n, alegr\u00eda, humildad y un coraz\u00f3n enorme para el grupo.<\/mark> Hace vestuario, siempre est\u00e1 involucrado para hacer sentir entusiasmo y alegr\u00eda en el d\u00eda a d\u00eda&#8230;&#8221;, expuso el t\u00e9cnico.<\/p>\n<p><mark>&#8220;Yo si fuese hincha del Atl\u00e9tico de Madrid har\u00eda todo lo posible para no perder a Griezmann. Yo les invitar\u00eda a pensar en el equipo, desde el entrenador, el club y los aficionados&#8221;<\/mark>, continu\u00f3 Simeone, que a\u00f1adi\u00f3: &#8220;Es un jugador determinante y en esa libertad que siempre necesita y quiere, cuando est\u00e1 bien, elige siempre bien&#8221;.<\/p>\n<p style=\"text-align: center;\"><a href=\"https:\/\/www.futboltotal.com.mx\/futbol-internacional\/liga-de-inglaterra\/pep-guardiola-confiesa-club-ingles-quiso-jugar\/2018\/02\">VER M\u00c1S: Pep Guardiola confiesa el club ingl\u00e9s para el que quiso jugar<\/a><\/p>\n<p>El t\u00e9cnico incidi\u00f3 que, aparte del atacante, en su era al frente del equipo ha tenido la &#8220;suerte de ver crecer a un mont\u00f3n de futbolistas&#8221;. En ese sentido cit\u00f3 a <strong>Lucas Hern\u00e1ndez<\/strong> o<strong> Thomas Partey,<\/strong> entre &#8220;los m\u00e1s recientes&#8221;, a <strong>Jan Oblak<\/strong> &#8220;cuando lleg\u00f3&#8221;, a<strong> Jos\u00e9 Mar\u00eda Gim\u00e9nez<\/strong> y a <strong>Sa\u00fal \u00d1\u00edguez<\/strong>. &#8220;<mark>Y Griezmann es uno m\u00e1s que se ha sumado al trabajo importante que ha hecho el cuerpo t\u00e9cnico<\/mark> m\u00e1s, sobre todo, la fuera de voluntad de los futbolistas&#8221;, expres\u00f3 el entrenador.<\/p>\n<p>&#8220;El otro d\u00eda escuchaba unas declaraciones de Correa que me parecieron contundentes, sobre todo el pensamiento que me gusta tener en el equipo: &#8216;para jugar en el Atl\u00e9tico de Madrid tienes que ser un tipo fuerte de cabeza&#8217;. Es la mejor expresi\u00f3n de un chico joven, que est\u00e1 trabajando y haciendo mucho esfuerzo para una posici\u00f3n que no es la suya, pero la est\u00e1 haciendo natural&#8221;, apunt\u00f3.<\/p>\n<p style=\"text-align: center;\"><a href=\"https:\/\/www.futboltotal.com.mx\/futbol-internacional\/liga-de-espana\/las-palmas-1-sevilla-2-laliga-resumen-2018\/2018\/02\">VER M\u00c1S: Miguel Lay\u00fan comete penal pero Sevilla gana<\/a><\/p>\n","protected":false},"excerpt":{"rendered":"<p>El estratega argentino invit\u00f3 a los aficionados a intentar hacer que el franc\u00e9s se quede en el club<\/p>\n","protected":false},"author":159,"featured_media":517506,"comment_status":"closed","ping_status":"closed","sticky":false,"template":"","format":"standard","meta":[],"categories":[3839,3844],"tags":[5191,6007,1384,253,6114],"_links":{"self":[{"href":"http:\/\/desarrollo.grupomedios.com\/futbol\/wp-json\/wp\/v2\/posts\/518011"}],"collection":[{"href":"http:\/\/desarrollo.grupomedios.com\/futbol\/wp-json\/wp\/v2\/posts"}],"about":[{"href":"http:\/\/desarrollo.grupomedios.com\/futbol\/wp-json\/wp\/v2\/types\/post"}],"author":[{"embeddable":true,"href":"http:\/\/desarrollo.grupomedios.com\/futbol\/wp-json\/wp\/v2\/users\/159"}],"replies":[{"embeddable":true,"href":"http:\/\/desarrollo.grupomedios.com\/futbol\/wp-json\/wp\/v2\/comments?post=518011"}],"version-history":[{"count":1,"href":"http:\/\/desarrollo.grupomedios.com\/futbol\/wp-json\/wp\/v2\/posts\/518011\/revisions"}],"predecessor-version":[{"id":518012,"href":"http:\/\/desarrollo.grupomedios.com\/futbol\/wp-json\/wp\/v2\/posts\/518011\/revisions\/518012"}],"wp:featuredmedia":[{"embeddable":true,"href":"http:\/\/desarrollo.grupomedios.com\/futbol\/wp-json\/wp\/v2\/media\/517506"}],"wp:attachment":[{"href":"http:\/\/desarrollo.grupomedios.com\/futbol\/wp-json\/wp\/v2\/media?parent=518011"}],"wp:term":[{"taxonomy":"category","embeddable":true,"href":"http:\/\/desarrollo.grupomedios.com\/futbol\/wp-json\/wp\/v2\/categories?post=518011"},{"taxonomy":"post_tag","embeddable":true,"href":"http:\/\/desarrollo.grupomedios.com\/futbol\/wp-json\/wp\/v2\/tags?post=518011"}],"curies":[{"name":"wp","href":"https:\/\/api.w.org\/{rel}","templated":true}]}}