{"id":518024,"date":"2018-02-17T13:05:33","date_gmt":"2018-02-17T19:05:33","guid":{"rendered":"https:\/\/www.futboltotal.com.mx\/?p=518024"},"modified":"2018-02-17T13:05:33","modified_gmt":"2018-02-17T19:05:33","slug":"arjen-robben-le-pone-fecha-a-retiro","status":"publish","type":"post","link":"http:\/\/desarrollo.grupomedios.com\/futbol\/futbol-internacional\/arjen-robben-le-pone-fecha-a-retiro\/2018\/02","title":{"rendered":"Arjen Robben le pone fecha a su retiro"},"content":{"rendered":"<p>El mediocampista holand\u00e9s, <strong>Arjen Robben<\/strong> ha puesto fecha de caducidad a su carrera en el balompi\u00e9 profesional con el<strong> Bayern Munich<\/strong>, pues sabe que el tiempo est\u00e1 llegando a su fin, adem\u00e1s que las lesionas cada vez le impiden m\u00e1s estar a un nivel \u00f3ptimo de competencia.<\/p>\n<p>En declaraciones para el diario Bild de Alemania, el extremo de <strong>Holanda<\/strong> indic\u00f3 que tiene un l\u00edmite en su futuro con el club b\u00e1varo y de igual forma se expres\u00f3 sobre la <strong>Copa del Mundo<\/strong> a la que no tendr\u00e1 la oportunidad de asistir su pa\u00eds, luego de quedar eliminados.<\/p>\n<p style=\"text-align: center;\"><a href=\"https:\/\/www.futboltotal.com.mx\/futbol-mexicano\/liga-mx\/chivas-tendra-nuevo-patrocinador-en-camiseta\/2018\/02\">VER M\u00c1S: Chivas tendr\u00e1 nuevo patrocinador en su camiseta<\/a><\/p>\n<p>&#8220;<mark>Un descanso este verano no me vendr\u00e1 mal. Creo que a\u00fan me quedan dos a\u00f1os para poder seguir jugando al m\u00e1ximo nivel. Depender\u00e1 tambi\u00e9n de lo que diga el club, pero a\u00fan me veo con fuerzas para jugar en la \u00e9lite hasta 2020&#8243;<\/mark>, expres\u00f3 el holand\u00e9s.<\/p>\n<p>Por otro lado se expres\u00f3 sobre la posibilidad de marcharse a<strong> Estados Unidos<\/strong> o <strong>China<\/strong> para un posible retiro, aunque no dio pistas sobre alguna oferta que le hayan hecho hasta el momento si habl\u00f3 sobre el tema:<\/p>\n<p>&#8220;<strong>Son decisiones que hay que meditar con la familia y con los amigos mientras se cena algo en la cocina. Ya veremos<\/strong>&#8220;, pero dej\u00f3 en claro que por el momento su primera opci\u00f3n contin\u00faa siendo quedarse en el Bayern Munich.<\/p>\n<p style=\"text-align: center;\"><a href=\"https:\/\/www.futboltotal.com.mx\/futbol-internacional\/liga-de-espana\/eibar-0-fc-barcelona-2-laliga-resumen-2018\/2018\/02\">VER M\u00c1S: FC Barcelona sigue \u2018siendo el rey\u2019 al vencer al Eibar<\/a><\/p>\n","protected":false},"excerpt":{"rendered":"<p>El extremo holand\u00e9s sabe que su tiempo en el balompi\u00e9 de m\u00e1ximo nivel est\u00e1 llegando a su fin<\/p>\n","protected":false},"author":159,"featured_media":518025,"comment_status":"closed","ping_status":"closed","sticky":false,"template":"","format":"standard","meta":[],"categories":[9808,3839],"tags":[6086,2056,6024],"_links":{"self":[{"href":"http:\/\/desarrollo.grupomedios.com\/futbol\/wp-json\/wp\/v2\/posts\/518024"}],"collection":[{"href":"http:\/\/desarrollo.grupomedios.com\/futbol\/wp-json\/wp\/v2\/posts"}],"about":[{"href":"http:\/\/desarrollo.grupomedios.com\/futbol\/wp-json\/wp\/v2\/types\/post"}],"author":[{"embeddable":true,"href":"http:\/\/desarrollo.grupomedios.com\/futbol\/wp-json\/wp\/v2\/users\/159"}],"replies":[{"embeddable":true,"href":"http:\/\/desarrollo.grupomedios.com\/futbol\/wp-json\/wp\/v2\/comments?post=518024"}],"version-history":[{"count":1,"href":"http:\/\/desarrollo.grupomedios.com\/futbol\/wp-json\/wp\/v2\/posts\/518024\/revisions"}],"predecessor-version":[{"id":518026,"href":"http:\/\/desarrollo.grupomedios.com\/futbol\/wp-json\/wp\/v2\/posts\/518024\/revisions\/518026"}],"wp:featuredmedia":[{"embeddable":true,"href":"http:\/\/desarrollo.grupomedios.com\/futbol\/wp-json\/wp\/v2\/media\/518025"}],"wp:attachment":[{"href":"http:\/\/desarrollo.grupomedios.com\/futbol\/wp-json\/wp\/v2\/media?parent=518024"}],"wp:term":[{"taxonomy":"category","embeddable":true,"href":"http:\/\/desarrollo.grupomedios.com\/futbol\/wp-json\/wp\/v2\/categories?post=518024"},{"taxonomy":"post_tag","embeddable":true,"href":"http:\/\/desarrollo.grupomedios.com\/futbol\/wp-json\/wp\/v2\/tags?post=518024"}],"curies":[{"name":"wp","href":"https:\/\/api.w.org\/{rel}","templated":true}]}}