{"id":518035,"date":"2018-02-17T14:35:43","date_gmt":"2018-02-17T20:35:43","guid":{"rendered":"https:\/\/www.futboltotal.com.mx\/?p=518035"},"modified":"2018-02-17T14:35:43","modified_gmt":"2018-02-17T20:35:43","slug":"benfica-4-boavista-0-primeira-liga-resumen-2018","status":"publish","type":"post","link":"http:\/\/desarrollo.grupomedios.com\/futbol\/destacado-home\/benfica-4-boavista-0-primeira-liga-resumen-2018\/2018\/02","title":{"rendered":"Ra\u00fal Jim\u00e9nez anota en goleada del Benfica"},"content":{"rendered":"<p>El delantero mexicano, <strong>Ra\u00fal Jim\u00e9nez<\/strong> jug\u00f3 56 minutos en el encuentro donde su equipo el <strong>Benfica<\/strong> gole\u00f3 al <strong>Boavista<\/strong> por la Jornada 23 de la <strong>Primeira Liga<\/strong>, el atacante ex del Am\u00e9rica logr\u00f3 el tanto sobre el final del partido que signific\u00f3 el 4-0 definitivo de su equipo.<\/p>\n<blockquote class=\"twitter-tweet\" data-width=\"500\">\n<p lang=\"es\" dir=\"ltr\">4-0, golo de <a href=\"https:\/\/twitter.com\/Raul_Jimenez9?ref_src=twsrc%5Etfw\">@Raul_Jimenez9<\/a>. <a href=\"https:\/\/t.co\/TUf0u0qiio\">pic.twitter.com\/TUf0u0qiio<\/a><\/p>\n<p>&mdash; Information Glorious (@InformGlorious) <a href=\"https:\/\/twitter.com\/InformGlorious\/status\/964954590952284161?ref_src=twsrc%5Etfw\">February 17, 2018<\/a><\/p><\/blockquote>\n<p><script async src=\"https:\/\/platform.twitter.com\/widgets.js\" charset=\"utf-8\"><\/script><\/p>\n<p><a href=\"https:\/\/www.futboltotal.com.mx\/futbol-mexicano\/liga-mx\/chivas-tendra-nuevo-patrocinador-en-camiseta\/2018\/02\">VER M\u00c1S: Chivas tendr\u00e1 nuevo patrocinador en su camiseta<\/a><\/p>\n<p>En un partido que fue totalmente para el cuadro de las \u00c1guilas,\u00a0<strong>Zivkovic, Grimaldo y Cervi<\/strong> comenzaron dando avisos del poder\u00edo que mostraba el cuadro portugu\u00e9s desde los primeros 10 minutos, pero fue hasta el minuto 18 que <strong>R\u00faben Dias<\/strong> logr\u00f3 marcar el primer tanto luego de un doble remate de cabeza en el \u00e1rea.<\/p>\n<p>Los siguientes minutos fueron una aut\u00e9ntica pr\u00e1ctica de tiro para Benfica pero fue a un minuto que terminara el primer tiempo que<strong> Jardel<\/strong> logr\u00f3 poner el segundo y as\u00ed marcharse con m\u00e1s tranquilidad al descanso. El segundo tiempo comenz\u00f3 muy lento por la calma que mostraron las \u00c1guilas y fue al 77 que lograron ponerle la puntilla al partido gracias a un autogol por parte de<strong>\u00a0Rev\u00ea del Boavista<\/strong>.<\/p>\n<p>Fue hasta el \u00faltimo minuto cuando el delantero azteca,<strong> Ra\u00fal Jim\u00e9nez<\/strong> logr\u00f3 marcar el gol que pon\u00eda cifras finales en el marcador luego de adelantarse entre dos defensas y empujar el esf\u00e9rico al arco.<\/p>\n<p>https:\/\/twitter.com\/SLBenfica\/status\/964954377860603905<\/p>\n<p style=\"text-align: center;\"><a href=\"https:\/\/www.futboltotal.com.mx\/futbol-mexicano\/liga-mx\/5-estrellas-america-se-encargo-echar-a-perder\/2018\/02\">VER M\u00c1S: 5 estrellas que Am\u00e9rica se encarg\u00f3 de echar a perder<\/a><\/p>\n","protected":false},"excerpt":{"rendered":"<p>El mexicano jug\u00f3 56 minutos del encuentro y alcanz\u00f3 a hacerse presente en el marcador<\/p>\n","protected":false},"author":159,"featured_media":518036,"comment_status":"closed","ping_status":"closed","sticky":false,"template":"","format":"standard","meta":[],"categories":[5,3839,7709],"tags":[6060,10240,9195,742],"_links":{"self":[{"href":"http:\/\/desarrollo.grupomedios.com\/futbol\/wp-json\/wp\/v2\/posts\/518035"}],"collection":[{"href":"http:\/\/desarrollo.grupomedios.com\/futbol\/wp-json\/wp\/v2\/posts"}],"about":[{"href":"http:\/\/desarrollo.grupomedios.com\/futbol\/wp-json\/wp\/v2\/types\/post"}],"author":[{"embeddable":true,"href":"http:\/\/desarrollo.grupomedios.com\/futbol\/wp-json\/wp\/v2\/users\/159"}],"replies":[{"embeddable":true,"href":"http:\/\/desarrollo.grupomedios.com\/futbol\/wp-json\/wp\/v2\/comments?post=518035"}],"version-history":[{"count":1,"href":"http:\/\/desarrollo.grupomedios.com\/futbol\/wp-json\/wp\/v2\/posts\/518035\/revisions"}],"predecessor-version":[{"id":518037,"href":"http:\/\/desarrollo.grupomedios.com\/futbol\/wp-json\/wp\/v2\/posts\/518035\/revisions\/518037"}],"wp:featuredmedia":[{"embeddable":true,"href":"http:\/\/desarrollo.grupomedios.com\/futbol\/wp-json\/wp\/v2\/media\/518036"}],"wp:attachment":[{"href":"http:\/\/desarrollo.grupomedios.com\/futbol\/wp-json\/wp\/v2\/media?parent=518035"}],"wp:term":[{"taxonomy":"category","embeddable":true,"href":"http:\/\/desarrollo.grupomedios.com\/futbol\/wp-json\/wp\/v2\/categories?post=518035"},{"taxonomy":"post_tag","embeddable":true,"href":"http:\/\/desarrollo.grupomedios.com\/futbol\/wp-json\/wp\/v2\/tags?post=518035"}],"curies":[{"name":"wp","href":"https:\/\/api.w.org\/{rel}","templated":true}]}}