{"id":518086,"date":"2018-02-18T10:38:37","date_gmt":"2018-02-18T16:38:37","guid":{"rendered":"https:\/\/www.futboltotal.com.mx\/?p=518086"},"modified":"2018-02-18T11:14:09","modified_gmt":"2018-02-18T17:14:09","slug":"cruzazulear-una-burla-hemos-permitido-en-cruz-azul","status":"publish","type":"post","link":"http:\/\/desarrollo.grupomedios.com\/futbol\/destacado-home\/cruzazulear-una-burla-hemos-permitido-en-cruz-azul\/2018\/02","title":{"rendered":"&#8220;Cruzazulear, una burla que hemos permitido en Cruz Azul&#8221;"},"content":{"rendered":"<p>La forma en c\u00f3mo <strong>Cruz Azul<\/strong> perdi\u00f3 la victoria en los \u00faltimos minutos frente a Puebla, s\u00f3lo es uno de los tantos malos episodios que ha vivido la M\u00e1quina y que provoc\u00f3 a la creaci\u00f3n de la palabra <strong>&#8220;cruzazulear&#8221;<\/strong>.<\/p>\n<p>La situaci\u00f3n paup\u00e9rrima en la que vive actualmente el equipo cementero con <strong>ocho unidades en ocho partidos<\/strong>, es algo que se presta a las burlas de los que no son partidarios de la M\u00e1quina.<\/p>\n<p><strong>Pedro Caixinha<\/strong>, entrenador de Cruz Azul afirm\u00f3 que la palabra &#8220;cruzazulear&#8221; se ha mantenido vigente, porque el equipo se ha encargado de dar armas para que no se esfume.<\/p>\n<p style=\"text-align: center;\"><span style=\"color: #333399;\"><a href=\"https:\/\/www.futboltotal.com.mx\/futbol-mexicano\/fuera-caixinha-la-aficion-cruz-azul-perdona-en-casa\/2018\/02\">VER M\u00c1S:\u00a0<span class=\"item-title\">\u201cFuera, Caixinha\u201d, la afici\u00f3n de Cruz Azul no perdona en casa<\/span><\/a><\/span><\/p>\n<p><mark>&#8220;Nosotros estamos haciendo cosas para que se burlen de nosotros, yo ya habl\u00e9 con ellos sobre este tema de cruzazulear, y el bullying en general&#8221;<\/mark>, coment\u00f3 Caixinha.<\/p>\n<p>El portugu\u00e9s sabe que las cr\u00edticas en su contra est\u00e1 muy duras, y asever\u00f3 que tiene <strong>&#8220;las espaldas muy largas&#8221;<\/strong> para llevar todo el peso.<\/p>\n","protected":false},"excerpt":{"rendered":"<p>Pedro Caixinha afirm\u00f3 que ya habl\u00f3 con sus jugadores sobre el bullying<\/p>\n","protected":false},"author":160,"featured_media":518087,"comment_status":"closed","ping_status":"closed","sticky":false,"template":"","format":"standard","meta":[],"categories":[5,2198,3845],"tags":[5962,1968],"_links":{"self":[{"href":"http:\/\/desarrollo.grupomedios.com\/futbol\/wp-json\/wp\/v2\/posts\/518086"}],"collection":[{"href":"http:\/\/desarrollo.grupomedios.com\/futbol\/wp-json\/wp\/v2\/posts"}],"about":[{"href":"http:\/\/desarrollo.grupomedios.com\/futbol\/wp-json\/wp\/v2\/types\/post"}],"author":[{"embeddable":true,"href":"http:\/\/desarrollo.grupomedios.com\/futbol\/wp-json\/wp\/v2\/users\/160"}],"replies":[{"embeddable":true,"href":"http:\/\/desarrollo.grupomedios.com\/futbol\/wp-json\/wp\/v2\/comments?post=518086"}],"version-history":[{"count":1,"href":"http:\/\/desarrollo.grupomedios.com\/futbol\/wp-json\/wp\/v2\/posts\/518086\/revisions"}],"predecessor-version":[{"id":518088,"href":"http:\/\/desarrollo.grupomedios.com\/futbol\/wp-json\/wp\/v2\/posts\/518086\/revisions\/518088"}],"wp:featuredmedia":[{"embeddable":true,"href":"http:\/\/desarrollo.grupomedios.com\/futbol\/wp-json\/wp\/v2\/media\/518087"}],"wp:attachment":[{"href":"http:\/\/desarrollo.grupomedios.com\/futbol\/wp-json\/wp\/v2\/media?parent=518086"}],"wp:term":[{"taxonomy":"category","embeddable":true,"href":"http:\/\/desarrollo.grupomedios.com\/futbol\/wp-json\/wp\/v2\/categories?post=518086"},{"taxonomy":"post_tag","embeddable":true,"href":"http:\/\/desarrollo.grupomedios.com\/futbol\/wp-json\/wp\/v2\/tags?post=518086"}],"curies":[{"name":"wp","href":"https:\/\/api.w.org\/{rel}","templated":true}]}}