{"id":518092,"date":"2018-02-18T11:11:03","date_gmt":"2018-02-18T17:11:03","guid":{"rendered":"https:\/\/www.futboltotal.com.mx\/?p=518092"},"modified":"2018-02-18T11:13:48","modified_gmt":"2018-02-18T17:13:48","slug":"la-terrible-lesion-gustavo-bou-contra-pumas","status":"publish","type":"post","link":"http:\/\/desarrollo.grupomedios.com\/futbol\/destacado-home\/la-terrible-lesion-gustavo-bou-contra-pumas\/2018\/02","title":{"rendered":"La terrible lesi\u00f3n de Gustavo Bou contra Pumas"},"content":{"rendered":"<p>El delantero argentino <strong>Gustavo Bou<\/strong> tuvo que salir de cambio al minuto 29 del primer tiempo por una lesi\u00f3n que tuvo durante el juego entre <strong>Xolos y Pumas<\/strong>.<\/p>\n<p>&#8216;La Pantera&#8217; tuvo una <strong>distensi\u00f3n en la rodilla y dolores en la espalda<\/strong> que provocaron su llanto mientras sal\u00eda en la camilla y la preocupaci\u00f3n de sus compa\u00f1eros de profesi\u00f3n.<\/p>\n<p><mark>Bou abandon\u00f3 el terreno con esta imagen que dio la vuelta en todo el futbol mexicano.<\/mark><\/p>\n<p><img decoding=\"async\" loading=\"lazy\" class=\"alignnone size-full wp-image-518093\" src=\"https:\/\/www.futboltotal.com.mx\/wp-content\/uploads\/2018\/02\/bou-lesion.jpg\" alt=\"La terrible lesi\u00f3n de Gustavo Bou contra Pumas 0\" srcset=\"http:\/\/desarrollo.grupomedios.com\/futbol\/wp-content\/uploads\/2018\/02\/bou-lesion.jpg 1136w, http:\/\/desarrollo.grupomedios.com\/futbol\/wp-content\/uploads\/2018\/02\/bou-lesion-300x169.jpg 300w, http:\/\/desarrollo.grupomedios.com\/futbol\/wp-content\/uploads\/2018\/02\/bou-lesion-768x432.jpg 768w, http:\/\/desarrollo.grupomedios.com\/futbol\/wp-content\/uploads\/2018\/02\/bou-lesion-1024x576.jpg 1024w, http:\/\/desarrollo.grupomedios.com\/futbol\/wp-content\/uploads\/2018\/02\/bou-lesion-393x221.jpg 393w\" sizes=\"(max-width: 1136px) 100vw, 1136px\" \/><\/p>\n<p>Los Xolos derrotaron a los Pumas por 4-1 en el <strong>estadio Caliente<\/strong>, pero podr\u00eda perder a su mejor goleador por varias semanas.<\/p>\n","protected":false},"excerpt":{"rendered":"<p>&#8216;La Pantera&#8217; podr\u00eda perderse varias semanas con los Xolos<\/p>\n","protected":false},"author":160,"featured_media":518094,"comment_status":"closed","ping_status":"closed","sticky":false,"template":"","format":"standard","meta":[],"categories":[5,2198,3845],"tags":[8666,1245,74,1673],"_links":{"self":[{"href":"http:\/\/desarrollo.grupomedios.com\/futbol\/wp-json\/wp\/v2\/posts\/518092"}],"collection":[{"href":"http:\/\/desarrollo.grupomedios.com\/futbol\/wp-json\/wp\/v2\/posts"}],"about":[{"href":"http:\/\/desarrollo.grupomedios.com\/futbol\/wp-json\/wp\/v2\/types\/post"}],"author":[{"embeddable":true,"href":"http:\/\/desarrollo.grupomedios.com\/futbol\/wp-json\/wp\/v2\/users\/160"}],"replies":[{"embeddable":true,"href":"http:\/\/desarrollo.grupomedios.com\/futbol\/wp-json\/wp\/v2\/comments?post=518092"}],"version-history":[{"count":1,"href":"http:\/\/desarrollo.grupomedios.com\/futbol\/wp-json\/wp\/v2\/posts\/518092\/revisions"}],"predecessor-version":[{"id":518095,"href":"http:\/\/desarrollo.grupomedios.com\/futbol\/wp-json\/wp\/v2\/posts\/518092\/revisions\/518095"}],"wp:featuredmedia":[{"embeddable":true,"href":"http:\/\/desarrollo.grupomedios.com\/futbol\/wp-json\/wp\/v2\/media\/518094"}],"wp:attachment":[{"href":"http:\/\/desarrollo.grupomedios.com\/futbol\/wp-json\/wp\/v2\/media?parent=518092"}],"wp:term":[{"taxonomy":"category","embeddable":true,"href":"http:\/\/desarrollo.grupomedios.com\/futbol\/wp-json\/wp\/v2\/categories?post=518092"},{"taxonomy":"post_tag","embeddable":true,"href":"http:\/\/desarrollo.grupomedios.com\/futbol\/wp-json\/wp\/v2\/tags?post=518092"}],"curies":[{"name":"wp","href":"https:\/\/api.w.org\/{rel}","templated":true}]}}