{"id":518099,"date":"2018-02-18T13:54:17","date_gmt":"2018-02-18T19:54:17","guid":{"rendered":"https:\/\/www.futboltotal.com.mx\/?p=518099"},"modified":"2018-02-18T13:54:17","modified_gmt":"2018-02-18T19:54:17","slug":"toluca-2-santos-0-clausura-2018-resumen-2","status":"publish","type":"post","link":"http:\/\/desarrollo.grupomedios.com\/futbol\/destacado-home\/toluca-2-santos-0-clausura-2018-resumen-2\/2018\/02","title":{"rendered":"Santos arde en el infierno con derrota ante Toluca"},"content":{"rendered":"<p>Los <strong>Diablos Rojos del Toluca<\/strong> lograron un triunfo muy importante en casa al derrotar por 2-0 a Santos Laguna en duelo de la Jornada 8 del Torneo Clausura 2018 de la Liga MX.<\/p>\n<p>El delantero colombiano <strong>Fernando Uribe<\/strong> fue el gran protagonista del partido al anotar un doblete que llev\u00f3 a los choriceros a llevarse la victoria.<\/p>\n<p>Al minuto 15, fue <strong>Rubens Sambueza<\/strong> quien puso un servicio &#8220;con mo\u00f1o&#8221; para que Uribe metiera un remate seco de cabeza y consiguiera el 1-0 en el encuentro.<\/p>\n<blockquote class=\"twitter-tweet\" data-partner=\"tweetdeck\">\n<p dir=\"ltr\" lang=\"pt\"><a href=\"https:\/\/twitter.com\/hashtag\/NoTeLoPierdas?src=hash&amp;ref_src=twsrc%5Etfw\">#NoTeLoPierdas<\/a>G\u26bd\ufe0f\u26bd\ufe0f\u26bd\ufe0fL de Fernando Uribe<a href=\"https:\/\/twitter.com\/TolucaFC?ref_src=twsrc%5Etfw\">@TolucaFC<\/a> 1-0 <a href=\"https:\/\/twitter.com\/ClubSantos?ref_src=twsrc%5Etfw\">@ClubSantos<\/a> <a href=\"https:\/\/twitter.com\/hashtag\/Jornada8?src=hash&amp;ref_src=twsrc%5Etfw\">#Jornada8<\/a> <a href=\"https:\/\/twitter.com\/hashtag\/Clausura2018?src=hash&amp;ref_src=twsrc%5Etfw\">#Clausura2018<\/a> <a href=\"https:\/\/twitter.com\/hashtag\/LIGABancomerMX?src=hash&amp;ref_src=twsrc%5Etfw\">#LIGABancomerMX<\/a>\u26bd\ufe0f <a href=\"https:\/\/twitter.com\/hashtag\/SienteTuLiga?src=hash&amp;ref_src=twsrc%5Etfw\">#SienteTuLiga<\/a> \u26bd\ufe0f<a href=\"https:\/\/twitter.com\/hashtag\/CreandoOportunidades?src=hash&amp;ref_src=twsrc%5Etfw\">#CreandoOportunidades<\/a> <a href=\"https:\/\/twitter.com\/hashtag\/PorLaEducaci%C3%B3n?src=hash&amp;ref_src=twsrc%5Etfw\">#PorLaEducaci\u00f3n<\/a> <a href=\"https:\/\/t.co\/HWPsO1sAK1\">pic.twitter.com\/HWPsO1sAK1<\/a><\/p>\n<p>\u2014 LIGA Bancomer MX (@LIGABancomerMX) <a href=\"https:\/\/twitter.com\/LIGABancomerMX\/status\/965289808565284864?ref_src=twsrc%5Etfw\">February 18, 2018<\/a><\/p><\/blockquote>\n<p><script async src=\"https:\/\/platform.twitter.com\/widgets.js\" charset=\"utf-8\"><\/script><br \/>\nToluca mostr\u00f3 hambre y fue al frente en la b\u00fasqueda del segundo gol, mientras que Santos lo buscaba con contragolpes con <strong>Djaniny Tavares y Julio C\u00e9sar Furch<\/strong>.<\/p>\n<p>Sin embargo, fueron los Diablos quienes recibieron premio al minuto 50, cuando en una jugada a bal\u00f3n parado lleg\u00f3 de nuevo el colombiano Uribe para meter un cabezazo picado que bati\u00f3 a <strong>Jonathan Orozco<\/strong> para poner el 2-0 final.<\/p>\n<blockquote class=\"twitter-tweet\" data-partner=\"tweetdeck\">\n<p dir=\"ltr\" lang=\"pt\"><a href=\"https:\/\/twitter.com\/hashtag\/NoTeLoPierdas?src=hash&amp;ref_src=twsrc%5Etfw\">#NoTeLoPierdas<\/a>G\u26bd\ufe0f\u26bd\ufe0f\u26bd\ufe0fL de Fernando Uribe<a href=\"https:\/\/twitter.com\/TolucaFC?ref_src=twsrc%5Etfw\">@TolucaFC<\/a> 2-0 <a href=\"https:\/\/twitter.com\/ClubSantos?ref_src=twsrc%5Etfw\">@ClubSantos<\/a> <a href=\"https:\/\/twitter.com\/hashtag\/Jornada8?src=hash&amp;ref_src=twsrc%5Etfw\">#Jornada8<\/a> <a href=\"https:\/\/twitter.com\/hashtag\/Clausura2018?src=hash&amp;ref_src=twsrc%5Etfw\">#Clausura2018<\/a> <a href=\"https:\/\/twitter.com\/hashtag\/LIGABancomerMX?src=hash&amp;ref_src=twsrc%5Etfw\">#LIGABancomerMX<\/a>\u26bd\ufe0f <a href=\"https:\/\/twitter.com\/hashtag\/SienteTuLiga?src=hash&amp;ref_src=twsrc%5Etfw\">#SienteTuLiga<\/a> \u26bd\ufe0f<a href=\"https:\/\/twitter.com\/hashtag\/CreandoOportunidades?src=hash&amp;ref_src=twsrc%5Etfw\">#CreandoOportunidades<\/a> <a href=\"https:\/\/twitter.com\/hashtag\/PorLaEducaci%C3%B3n?src=hash&amp;ref_src=twsrc%5Etfw\">#PorLaEducaci\u00f3n<\/a> <a href=\"https:\/\/t.co\/UZR0kOXaqu\">pic.twitter.com\/UZR0kOXaqu<\/a><\/p>\n<p>\u2014 LIGA Bancomer MX (@LIGABancomerMX) <a href=\"https:\/\/twitter.com\/LIGABancomerMX\/status\/965303687869542401?ref_src=twsrc%5Etfw\">February 18, 2018<\/a><\/p><\/blockquote>\n<p><script async src=\"https:\/\/platform.twitter.com\/widgets.js\" charset=\"utf-8\"><\/script><\/p>\n","protected":false},"excerpt":{"rendered":"<p>Fernando Uribe encabez\u00f3 con doblete la victoria de los Diablos<\/p>\n","protected":false},"author":160,"featured_media":518100,"comment_status":"closed","ping_status":"closed","sticky":false,"template":"","format":"standard","meta":[],"categories":[5,2198,3845],"tags":[9028,3061,5972,5975],"_links":{"self":[{"href":"http:\/\/desarrollo.grupomedios.com\/futbol\/wp-json\/wp\/v2\/posts\/518099"}],"collection":[{"href":"http:\/\/desarrollo.grupomedios.com\/futbol\/wp-json\/wp\/v2\/posts"}],"about":[{"href":"http:\/\/desarrollo.grupomedios.com\/futbol\/wp-json\/wp\/v2\/types\/post"}],"author":[{"embeddable":true,"href":"http:\/\/desarrollo.grupomedios.com\/futbol\/wp-json\/wp\/v2\/users\/160"}],"replies":[{"embeddable":true,"href":"http:\/\/desarrollo.grupomedios.com\/futbol\/wp-json\/wp\/v2\/comments?post=518099"}],"version-history":[{"count":1,"href":"http:\/\/desarrollo.grupomedios.com\/futbol\/wp-json\/wp\/v2\/posts\/518099\/revisions"}],"predecessor-version":[{"id":518101,"href":"http:\/\/desarrollo.grupomedios.com\/futbol\/wp-json\/wp\/v2\/posts\/518099\/revisions\/518101"}],"wp:featuredmedia":[{"embeddable":true,"href":"http:\/\/desarrollo.grupomedios.com\/futbol\/wp-json\/wp\/v2\/media\/518100"}],"wp:attachment":[{"href":"http:\/\/desarrollo.grupomedios.com\/futbol\/wp-json\/wp\/v2\/media?parent=518099"}],"wp:term":[{"taxonomy":"category","embeddable":true,"href":"http:\/\/desarrollo.grupomedios.com\/futbol\/wp-json\/wp\/v2\/categories?post=518099"},{"taxonomy":"post_tag","embeddable":true,"href":"http:\/\/desarrollo.grupomedios.com\/futbol\/wp-json\/wp\/v2\/tags?post=518099"}],"curies":[{"name":"wp","href":"https:\/\/api.w.org\/{rel}","templated":true}]}}