{"id":518102,"date":"2018-02-17T17:12:49","date_gmt":"2018-02-17T23:12:49","guid":{"rendered":"https:\/\/www.futboltotal.com.mx\/?p=518102"},"modified":"2018-02-18T20:11:27","modified_gmt":"2018-02-19T02:11:27","slug":"veracruz-vs-america-clausura-2018-en-vivo-minuto-a-minuto","status":"publish","type":"post","link":"http:\/\/desarrollo.grupomedios.com\/futbol\/futbol-mexicano\/veracruz-vs-america-clausura-2018-en-vivo-minuto-a-minuto\/2018\/02","title":{"rendered":"Veracruz vs Am\u00e9rica | Clausura 2018 | EN VIVO: Minuto a minuto"},"content":{"rendered":"<p><strong>Veracruz vs Am\u00e9rica<\/strong> cierran la Jornada 8 del <strong>Clausura 2018<\/strong> cuando se enfrenten este domingo 18 de febrero a las 18:00 hrs en la cancha del <strong>estadio Luis Pirata Fuente<\/strong>.<\/p>\n<iframe src=\"https:\/\/en-vivo.futboltotal.com.mx\/embed.php\/?id=591\" width=\"100%\" id=\"frame_minuto\"><\/iframe>\n<p>Veracruz, aunque a\u00fan le falta mucho para dejar el s\u00f3tano de la tabla porcentual, logr\u00f3 un triunfo de oro durante la fecha 7 al imponerse de visita a los entonces l\u00edderes de la competencia <strong>Pumas de la UNAM<\/strong>, lo que le ayud\u00f3 a recortar distancia con <strong>Quer\u00e9taro<\/strong>, que no pas\u00f3 del empate.<\/p>\n<p>Am\u00e9rica por su parte, tambi\u00e9n llega motivado a este cotejo tras golear a <strong>Morelia<\/strong> en la fecha anterior y, aunado a la derrota de Pumas, asumir el liderato de la competencia, mismo que no s\u00f3lo buscar\u00e1 conservar, sino incrementar la distancia con sus perseguidores, como lo eran <strong>Rayados<\/strong> y <strong>Santos<\/strong>, que cayeron en sus respectivos encuentros.<\/p>\n","protected":false},"excerpt":{"rendered":"<p>Los Tiburones quieren repetir lo ocurrido en CU contra las \u00c1guilas del Am\u00e9rica.<\/p>\n","protected":false},"author":129,"featured_media":518104,"comment_status":"closed","ping_status":"closed","sticky":false,"template":"","format":"standard","meta":[],"categories":[2198,3845],"tags":[5959,11050,3883,64,6049],"_links":{"self":[{"href":"http:\/\/desarrollo.grupomedios.com\/futbol\/wp-json\/wp\/v2\/posts\/518102"}],"collection":[{"href":"http:\/\/desarrollo.grupomedios.com\/futbol\/wp-json\/wp\/v2\/posts"}],"about":[{"href":"http:\/\/desarrollo.grupomedios.com\/futbol\/wp-json\/wp\/v2\/types\/post"}],"author":[{"embeddable":true,"href":"http:\/\/desarrollo.grupomedios.com\/futbol\/wp-json\/wp\/v2\/users\/129"}],"replies":[{"embeddable":true,"href":"http:\/\/desarrollo.grupomedios.com\/futbol\/wp-json\/wp\/v2\/comments?post=518102"}],"version-history":[{"count":1,"href":"http:\/\/desarrollo.grupomedios.com\/futbol\/wp-json\/wp\/v2\/posts\/518102\/revisions"}],"predecessor-version":[{"id":518105,"href":"http:\/\/desarrollo.grupomedios.com\/futbol\/wp-json\/wp\/v2\/posts\/518102\/revisions\/518105"}],"wp:featuredmedia":[{"embeddable":true,"href":"http:\/\/desarrollo.grupomedios.com\/futbol\/wp-json\/wp\/v2\/media\/518104"}],"wp:attachment":[{"href":"http:\/\/desarrollo.grupomedios.com\/futbol\/wp-json\/wp\/v2\/media?parent=518102"}],"wp:term":[{"taxonomy":"category","embeddable":true,"href":"http:\/\/desarrollo.grupomedios.com\/futbol\/wp-json\/wp\/v2\/categories?post=518102"},{"taxonomy":"post_tag","embeddable":true,"href":"http:\/\/desarrollo.grupomedios.com\/futbol\/wp-json\/wp\/v2\/tags?post=518102"}],"curies":[{"name":"wp","href":"https:\/\/api.w.org\/{rel}","templated":true}]}}