{"id":518111,"date":"2018-02-18T12:14:45","date_gmt":"2018-02-18T18:14:45","guid":{"rendered":"https:\/\/www.futboltotal.com.mx\/?p=518111"},"modified":"2018-02-18T15:37:36","modified_gmt":"2018-02-18T21:37:36","slug":"prefiero-mil-veces-ver-partido-nba-uno-futbol-carlos-vela","status":"publish","type":"post","link":"http:\/\/desarrollo.grupomedios.com\/futbol\/destacado-home\/prefiero-mil-veces-ver-partido-nba-uno-futbol-carlos-vela\/2018\/02","title":{"rendered":"&#8220;Prefiero mil veces ver un partido de NBA que uno de futbol&#8221;: Carlos Vela"},"content":{"rendered":"<p>Desde hace unos a\u00f1os, <strong>Carlos Vela<\/strong> revel\u00f3 que su deporte favorito es el basquetbol de la <strong>NBA<\/strong> y parece que \u00e9ste tambi\u00e9n podr\u00eda ser uno de los factores por lo que decidi\u00f3 llegar a <strong>Estados Unidos<\/strong>.<\/p>\n<p>Y es que el mexicano, quien es el flamante refuerzo de <strong>Los Angeles FC<\/strong>, se dio la oportunidad de asistir al <strong>Juego de Estrellas de la NBA<\/strong> y ha asegurado que sigue m\u00e1s el deporte r\u00e1faga y le apasiona m\u00e1s que el futbol,<\/p>\n<p>&#8220;<mark>Prefiero mil veces ver un partido de NBA que uno de futbol. Aparte de realizar mi trabajo, puedo disfrutar de mi hobby<\/mark>&#8220;, fueron las primeras declaraciones de Vela.<\/p>\n<p style=\"text-align: center;\"><span style=\"color: #3366ff;\"><a href=\"https:\/\/www.futboltotal.com.mx\/liga-de-portugal\/benfica-4-boavista-0-primeira-liga-resumen-2018\/2018\/02\">VER M\u00c1S: Ra\u00fal Jim\u00e9nez anota en goleada del Benfica<\/a><\/span><\/p>\n<p><img decoding=\"async\" loading=\"lazy\" class=\"size-full wp-image-518112 aligncenter\" src=\"https:\/\/www.futboltotal.com.mx\/wp-content\/uploads\/2018\/02\/carlos-vela-nba.jpg\" alt=\"&#8220;Prefiero mil veces ver un partido de NBA que uno de futbol&#8221;: Carlos Vela 0\" srcset=\"http:\/\/desarrollo.grupomedios.com\/futbol\/wp-content\/uploads\/2018\/02\/carlos-vela-nba.jpg 478w, http:\/\/desarrollo.grupomedios.com\/futbol\/wp-content\/uploads\/2018\/02\/carlos-vela-nba-300x203.jpg 300w\" sizes=\"(max-width: 478px) 100vw, 478px\" \/><\/p>\n<p>El ex jugador de la <strong>Real Sociedad<\/strong> fue claro al decir que no hay mucho qu\u00e9 pensar entre ver uno u otro deporte, ya que siempre busca hacer una importante labor en el futbol, pero su tiempo libre lo ocupa para ver el baloncesto.<\/p>\n<p>&#8220;<mark>Mil veces antes puedo ver cuatro partidos de basquetbol, y a uno de futbol, en 10 minutos le cambio. Cuando entro al campo lo disfruto y quiero hacerlo como el mejor<\/mark>, pero a la hora de terminar me gustan otro tipo de deportes&#8221;.<\/p>\n<p>Adem\u00e1s, Vela confes\u00f3 qui\u00e9n fue el que lo inspir\u00f3 a que le gustara el basquetbol.<\/p>\n<p>&#8220;El mejor es <strong>Michael Jordan<\/strong>. Yo creo que no hay persona que no diga que es \u00e9l quien le inspir\u00f3 a que le gustara el basquetbol y siempre he sido de Michael Jordan&#8221;.<\/p>\n<p>https:\/\/twitter.com\/JABcamLA\/status\/965039162167472128<\/p>\n","protected":false},"excerpt":{"rendered":"<p>El mexicano no oculta su pasi\u00f3n por el baloncesto.<\/p>\n","protected":false},"author":129,"featured_media":493351,"comment_status":"closed","ping_status":"closed","sticky":false,"template":"","format":"standard","meta":[],"categories":[5,3839,9635],"tags":[6048,6214,8503,6633,195,3763],"_links":{"self":[{"href":"http:\/\/desarrollo.grupomedios.com\/futbol\/wp-json\/wp\/v2\/posts\/518111"}],"collection":[{"href":"http:\/\/desarrollo.grupomedios.com\/futbol\/wp-json\/wp\/v2\/posts"}],"about":[{"href":"http:\/\/desarrollo.grupomedios.com\/futbol\/wp-json\/wp\/v2\/types\/post"}],"author":[{"embeddable":true,"href":"http:\/\/desarrollo.grupomedios.com\/futbol\/wp-json\/wp\/v2\/users\/129"}],"replies":[{"embeddable":true,"href":"http:\/\/desarrollo.grupomedios.com\/futbol\/wp-json\/wp\/v2\/comments?post=518111"}],"version-history":[{"count":1,"href":"http:\/\/desarrollo.grupomedios.com\/futbol\/wp-json\/wp\/v2\/posts\/518111\/revisions"}],"predecessor-version":[{"id":518113,"href":"http:\/\/desarrollo.grupomedios.com\/futbol\/wp-json\/wp\/v2\/posts\/518111\/revisions\/518113"}],"wp:featuredmedia":[{"embeddable":true,"href":"http:\/\/desarrollo.grupomedios.com\/futbol\/wp-json\/wp\/v2\/media\/493351"}],"wp:attachment":[{"href":"http:\/\/desarrollo.grupomedios.com\/futbol\/wp-json\/wp\/v2\/media?parent=518111"}],"wp:term":[{"taxonomy":"category","embeddable":true,"href":"http:\/\/desarrollo.grupomedios.com\/futbol\/wp-json\/wp\/v2\/categories?post=518111"},{"taxonomy":"post_tag","embeddable":true,"href":"http:\/\/desarrollo.grupomedios.com\/futbol\/wp-json\/wp\/v2\/tags?post=518111"}],"curies":[{"name":"wp","href":"https:\/\/api.w.org\/{rel}","templated":true}]}}