{"id":518138,"date":"2018-02-18T20:35:30","date_gmt":"2018-02-19T02:35:30","guid":{"rendered":"https:\/\/www.futboltotal.com.mx\/?p=518138"},"modified":"2018-02-18T20:35:30","modified_gmt":"2018-02-19T02:35:30","slug":"barra-veracruz-america-se-enfrenta-a-las-afueras-del-pirata-fuente","status":"publish","type":"post","link":"http:\/\/desarrollo.grupomedios.com\/futbol\/futbol-mexicano\/barra-veracruz-america-se-enfrenta-a-las-afueras-del-pirata-fuente\/2018\/02","title":{"rendered":"Barra de Veracruz y Am\u00e9rica se enfrenta a las afueras del Pirata Fuente"},"content":{"rendered":"<p>La violencia se hizo presente de nuevo en el <strong>futbol mexicano<\/strong> cuando aficionados de <strong>Veracruz<\/strong> y <strong>Am\u00e9rica<\/strong> se encontraron a las afueras del <strong>estadio Luis Pirata fuente<\/strong> previo al inicio del partido.<\/p>\n<p>Primero las ri\u00f1as comenzaron entre integrantes de las porras de ambos equipos y tras la intervenci\u00f3n de la polic\u00eda, tambi\u00e9n terminaron golpeando a \u00e9stos.<\/p>\n<p style=\"text-align: center;\"><span style=\"color: #3366ff;\"><a href=\"https:\/\/www.futboltotal.com.mx\/futbol-mexicano\/liga-mx\/veracruz-1-1-america-clausura-2018-resumen-goles\/2018\/02\">VER M\u00c1S: Am\u00e9rica sufri\u00f3 y alcanz\u00f3 a rescatar su invicto en Veracruz<\/a><\/span><\/p>\n<p>https:\/\/twitter.com\/PressPortmx\/status\/965378193644498944<\/p>\n<p>Rodeados por camionetas y motocicletas de seguridad, los infractores comenzaron a tirar las motos que impedian su paso para huir, al tiempo en que los miembros de la barra jarocha que ya se encontraban dentro del inmueble buscaban la manera de salir para ayudar a los suyos, lo que gener\u00f3 un nuevo problema en una de las puertas de acceso.<\/p>\n<blockquote class=\"twitter-video\" data-lang=\"es\">\n<p dir=\"ltr\" lang=\"es\">As\u00ed se puso el Luis &#8216;Pirata&#8217; Fuente antes de arrancar el juego de <a href=\"https:\/\/twitter.com\/ClubTiburones?ref_src=twsrc%5Etfw\">@ClubTiburones<\/a> <\/p>\n<p>\u2022 Conato de bronca porque no dejaban salir a los aficionados<\/p>\n<p> | <a href=\"https:\/\/twitter.com\/v_ddiaz?ref_src=twsrc%5Etfw\">@v_ddiaz<\/a> <a href=\"https:\/\/t.co\/pfff5T0fPJ\">https:\/\/t.co\/pfff5T0fPJ<\/a> <a href=\"https:\/\/t.co\/bEBFFbTVAT\">pic.twitter.com\/bEBFFbTVAT<\/a><\/p>\n<p>\u2014 DIARIO R\u00c9CORD (@record_mexico) <a href=\"https:\/\/twitter.com\/record_mexico\/status\/965384224479072256?ref_src=twsrc%5Etfw\">19 de febrero de 2018<\/a><\/p><\/blockquote>\n<p><script async src=\"https:\/\/platform.twitter.com\/widgets.js\" charset=\"utf-8\"><\/script><\/p>\n","protected":false},"excerpt":{"rendered":"<p>Los aficionados tambi\u00e9n se enfrentaron con la polic\u00eda.<\/p>\n","protected":false},"author":129,"featured_media":518139,"comment_status":"closed","ping_status":"closed","sticky":false,"template":"","format":"standard","meta":[],"categories":[2198,3845],"tags":[5959,11050,3883,64,6049],"_links":{"self":[{"href":"http:\/\/desarrollo.grupomedios.com\/futbol\/wp-json\/wp\/v2\/posts\/518138"}],"collection":[{"href":"http:\/\/desarrollo.grupomedios.com\/futbol\/wp-json\/wp\/v2\/posts"}],"about":[{"href":"http:\/\/desarrollo.grupomedios.com\/futbol\/wp-json\/wp\/v2\/types\/post"}],"author":[{"embeddable":true,"href":"http:\/\/desarrollo.grupomedios.com\/futbol\/wp-json\/wp\/v2\/users\/129"}],"replies":[{"embeddable":true,"href":"http:\/\/desarrollo.grupomedios.com\/futbol\/wp-json\/wp\/v2\/comments?post=518138"}],"version-history":[{"count":1,"href":"http:\/\/desarrollo.grupomedios.com\/futbol\/wp-json\/wp\/v2\/posts\/518138\/revisions"}],"predecessor-version":[{"id":518140,"href":"http:\/\/desarrollo.grupomedios.com\/futbol\/wp-json\/wp\/v2\/posts\/518138\/revisions\/518140"}],"wp:featuredmedia":[{"embeddable":true,"href":"http:\/\/desarrollo.grupomedios.com\/futbol\/wp-json\/wp\/v2\/media\/518139"}],"wp:attachment":[{"href":"http:\/\/desarrollo.grupomedios.com\/futbol\/wp-json\/wp\/v2\/media?parent=518138"}],"wp:term":[{"taxonomy":"category","embeddable":true,"href":"http:\/\/desarrollo.grupomedios.com\/futbol\/wp-json\/wp\/v2\/categories?post=518138"},{"taxonomy":"post_tag","embeddable":true,"href":"http:\/\/desarrollo.grupomedios.com\/futbol\/wp-json\/wp\/v2\/tags?post=518138"}],"curies":[{"name":"wp","href":"https:\/\/api.w.org\/{rel}","templated":true}]}}