{"id":518149,"date":"2018-02-18T21:32:20","date_gmt":"2018-02-19T03:32:20","guid":{"rendered":"https:\/\/www.futboltotal.com.mx\/?p=518149"},"modified":"2018-02-18T21:32:20","modified_gmt":"2018-02-19T03:32:20","slug":"la-batalla-campal-en-futbol-brasileno-dejo-9-expulsados","status":"publish","type":"post","link":"http:\/\/desarrollo.grupomedios.com\/futbol\/videos\/la-batalla-campal-en-futbol-brasileno-dejo-9-expulsados\/2018\/02","title":{"rendered":"La batalla campal en el futbol brasile\u00f1o que dej\u00f3 9 expulsados"},"content":{"rendered":"<p>Una pelea durante el encuentro entre <strong>Bah\u00eda<\/strong> y <strong>Vitoria<\/strong> termin\u00f3 con siete expulsiones y un final de partido anticipado debido a la falta de jugadores de uno de los equipos durante el campeonato baiano.<\/p>\n<p>El encuentro, que era considerado como el &#8220;<em>Cl\u00e1sico de la Paz<\/em>&#8220;, tuvo un total de nueve expulsiones, siete de ellas durante un enfrentamiento que se desencaden\u00f3 tras la celebraci\u00f3n de un gol del jugador <strong>Vinicius<\/strong>, del Bah\u00eda.<\/p>\n<p>La pelea gener\u00f3 tarjeta roja para cuatro futbolistas del Bah\u00eda -dos de ellos reservas- y tres del Vitoria, que tuvo otras dos expulsiones m\u00e1s que llevaron al \u00e1rbitro a suspender el partido once minutos antes del final cuando el marcador se encontraba 1-1.<\/p>\n<p style=\"text-align: center;\"><a href=\"https:\/\/www.futboltotal.com.mx\/futbol-mexicano\/liga-mx\/barra-veracruz-america-se-enfrenta-a-las-afueras-del-pirata-fuente\/2018\/02\"><span style=\"color: #3366ff;\">VER M\u00c1S: Barra de Veracruz y Am\u00e9rica se enfrenta a las afueras del Pirata Fuente<\/span><\/a><\/p>\n<p>https:\/\/twitter.com\/juanpasten2010\/status\/965339059894841350<\/p>\n<p>Con base al reglamento de la Confederaci\u00f3n Brasile\u00f1a de F\u00fatbol, el Bah\u00eda debe ser declarado vencedor.<\/p>\n<p>En el estado de <strong>Mato Grosso do Sul,<\/strong> el partido entre el Comercial y el Operario en el campeonato regional tambi\u00e9n se vio empa\u00f1ado por escenas de violencia.<\/p>\n<p>Un jugador del Operario, Jeferson Reis, agredi\u00f3 a un de los recogedores de pelotas, que supuestamente retuvo el bal\u00f3n para favorecer a su equipo. EFE<\/p>\n<blockquote class=\"twitter-tweet\" data-width=\"500\">\n<p lang=\"es\" dir=\"ltr\">L\u00edos en Cl\u00e1sico Estadual Bah\u00eda vs. Vitoria en Brasil&#8230; <br \/>9 expulsados!<a href=\"https:\/\/twitter.com\/DeportesUno650?ref_src=twsrc%5Etfw\">@DeportesUno650<\/a> <a href=\"https:\/\/twitter.com\/rpcpy?ref_src=twsrc%5Etfw\">@rpcpy<\/a> <a href=\"https:\/\/t.co\/15G9mrvV87\">pic.twitter.com\/15G9mrvV87<\/a><\/p>\n<p>&mdash; JorgeSaucedoPy (@JorgeSaucedoPy) <a href=\"https:\/\/twitter.com\/JorgeSaucedoPy\/status\/965337950551715845?ref_src=twsrc%5Etfw\">February 18, 2018<\/a><\/p><\/blockquote>\n<p><script async src=\"https:\/\/platform.twitter.com\/widgets.js\" charset=\"utf-8\"><\/script><\/p>\n<p><iframe loading=\"lazy\" src=\"https:\/\/www.youtube.com\/embed\/oyVvDUeW6e0\" frameborder=\"0\" allowfullscreen=\"allowfullscreen\"><\/iframe><\/p>\n","protected":false},"excerpt":{"rendered":"<p>El encuentro termin\u00f3 al minuto 80&#8242;.<\/p>\n","protected":false},"author":129,"featured_media":518150,"comment_status":"closed","ping_status":"closed","sticky":false,"template":"","format":"standard","meta":[],"categories":[3839,4],"tags":[],"_links":{"self":[{"href":"http:\/\/desarrollo.grupomedios.com\/futbol\/wp-json\/wp\/v2\/posts\/518149"}],"collection":[{"href":"http:\/\/desarrollo.grupomedios.com\/futbol\/wp-json\/wp\/v2\/posts"}],"about":[{"href":"http:\/\/desarrollo.grupomedios.com\/futbol\/wp-json\/wp\/v2\/types\/post"}],"author":[{"embeddable":true,"href":"http:\/\/desarrollo.grupomedios.com\/futbol\/wp-json\/wp\/v2\/users\/129"}],"replies":[{"embeddable":true,"href":"http:\/\/desarrollo.grupomedios.com\/futbol\/wp-json\/wp\/v2\/comments?post=518149"}],"version-history":[{"count":1,"href":"http:\/\/desarrollo.grupomedios.com\/futbol\/wp-json\/wp\/v2\/posts\/518149\/revisions"}],"predecessor-version":[{"id":518151,"href":"http:\/\/desarrollo.grupomedios.com\/futbol\/wp-json\/wp\/v2\/posts\/518149\/revisions\/518151"}],"wp:featuredmedia":[{"embeddable":true,"href":"http:\/\/desarrollo.grupomedios.com\/futbol\/wp-json\/wp\/v2\/media\/518150"}],"wp:attachment":[{"href":"http:\/\/desarrollo.grupomedios.com\/futbol\/wp-json\/wp\/v2\/media?parent=518149"}],"wp:term":[{"taxonomy":"category","embeddable":true,"href":"http:\/\/desarrollo.grupomedios.com\/futbol\/wp-json\/wp\/v2\/categories?post=518149"},{"taxonomy":"post_tag","embeddable":true,"href":"http:\/\/desarrollo.grupomedios.com\/futbol\/wp-json\/wp\/v2\/tags?post=518149"}],"curies":[{"name":"wp","href":"https:\/\/api.w.org\/{rel}","templated":true}]}}