{"id":518152,"date":"2018-02-18T22:00:39","date_gmt":"2018-02-19T04:00:39","guid":{"rendered":"https:\/\/www.futboltotal.com.mx\/?p=518152"},"modified":"2018-02-18T22:00:39","modified_gmt":"2018-02-19T04:00:39","slug":"primer-gol-carlos-vela-los-angeles-fc-una-joya","status":"publish","type":"post","link":"http:\/\/desarrollo.grupomedios.com\/futbol\/futbol-internacional\/primer-gol-carlos-vela-los-angeles-fc-una-joya\/2018\/02","title":{"rendered":"El primer gol de Carlos Vela con Los Angeles FC, una joya"},"content":{"rendered":"<p>La <strong>MLS<\/strong> est\u00e1 a unos d\u00edas de comenzar y por ello los equipos ya se preparan para iniciar las actividades de la competencia en 2018, tal es el caso de la nueva franquicia, <strong>Los Angeles FC<\/strong>.<\/p>\n<p>El equipo de <strong>Carlos Vela<\/strong> ya se encuentra jugando y este d\u00eda enfrentaron a los <strong>Vancouver Whitecaps,<\/strong> en un partido que termin\u00f3 con empate a cuatro goles y el mexicano se destap\u00f3 con una anotaci\u00f3n.<\/p>\n<p style=\"text-align: center;\"><span style=\"color: #3366ff;\"><a href=\"https:\/\/www.futboltotal.com.mx\/futbol-internacional\/mls-futbol-internacional\/prefiero-mil-veces-ver-partido-nba-uno-futbol-carlos-vela\/2018\/02\">VER M\u00c1S: \u201cPrefiero mil veces ver un partido de NBA que uno de futbol\u201d: Carlos Vela<\/a><\/span><\/p>\n<blockquote class=\"twitter-tweet\" data-width=\"500\">\n<p lang=\"en\" dir=\"ltr\">Full-time. <a href=\"https:\/\/t.co\/Ey85lbvsr2\">pic.twitter.com\/Ey85lbvsr2<\/a><\/p>\n<p>&mdash; LAFC (@LAFC) <a href=\"https:\/\/twitter.com\/LAFC\/status\/965388793162289152?ref_src=twsrc%5Etfw\">February 19, 2018<\/a><\/p><\/blockquote>\n<p><script async src=\"https:\/\/platform.twitter.com\/widgets.js\" charset=\"utf-8\"><\/script><\/p>\n<p>Vela marc\u00f3 el tercer gol de su equipo y lo hizo con una gran definici\u00f3n de tiro libre para marcar el primer gol con la camiseta angelina.<\/p>\n<p>https:\/\/twitter.com\/LAFC\/status\/965371853815480321<\/p>\n","protected":false},"excerpt":{"rendered":"<p>El mexicano ya se estren\u00f3 con el conjunto angelino.<\/p>\n","protected":false},"author":129,"featured_media":518153,"comment_status":"closed","ping_status":"closed","sticky":false,"template":"","format":"standard","meta":[],"categories":[3839,9635],"tags":[6048,6214,8503,195],"_links":{"self":[{"href":"http:\/\/desarrollo.grupomedios.com\/futbol\/wp-json\/wp\/v2\/posts\/518152"}],"collection":[{"href":"http:\/\/desarrollo.grupomedios.com\/futbol\/wp-json\/wp\/v2\/posts"}],"about":[{"href":"http:\/\/desarrollo.grupomedios.com\/futbol\/wp-json\/wp\/v2\/types\/post"}],"author":[{"embeddable":true,"href":"http:\/\/desarrollo.grupomedios.com\/futbol\/wp-json\/wp\/v2\/users\/129"}],"replies":[{"embeddable":true,"href":"http:\/\/desarrollo.grupomedios.com\/futbol\/wp-json\/wp\/v2\/comments?post=518152"}],"version-history":[{"count":1,"href":"http:\/\/desarrollo.grupomedios.com\/futbol\/wp-json\/wp\/v2\/posts\/518152\/revisions"}],"predecessor-version":[{"id":518154,"href":"http:\/\/desarrollo.grupomedios.com\/futbol\/wp-json\/wp\/v2\/posts\/518152\/revisions\/518154"}],"wp:featuredmedia":[{"embeddable":true,"href":"http:\/\/desarrollo.grupomedios.com\/futbol\/wp-json\/wp\/v2\/media\/518153"}],"wp:attachment":[{"href":"http:\/\/desarrollo.grupomedios.com\/futbol\/wp-json\/wp\/v2\/media?parent=518152"}],"wp:term":[{"taxonomy":"category","embeddable":true,"href":"http:\/\/desarrollo.grupomedios.com\/futbol\/wp-json\/wp\/v2\/categories?post=518152"},{"taxonomy":"post_tag","embeddable":true,"href":"http:\/\/desarrollo.grupomedios.com\/futbol\/wp-json\/wp\/v2\/tags?post=518152"}],"curies":[{"name":"wp","href":"https:\/\/api.w.org\/{rel}","templated":true}]}}