{"id":518176,"date":"2018-02-19T09:18:12","date_gmt":"2018-02-19T15:18:12","guid":{"rendered":"https:\/\/www.futboltotal.com.mx\/?p=518176"},"modified":"2018-02-19T17:55:55","modified_gmt":"2018-02-19T23:55:55","slug":"11-ideal-la-jornada-8-del-clausura-2018-liga-mx","status":"publish","type":"post","link":"http:\/\/desarrollo.grupomedios.com\/futbol\/futbol-mexicano\/11-ideal-la-jornada-8-del-clausura-2018-liga-mx\/2018\/02","title":{"rendered":"El 11 Ideal de la Jornada 8 del Clausura 2018"},"content":{"rendered":"<p>Se jug\u00f3 la\u00a0<strong>Jornada 8 del Clausura 2018 de la Liga MX<\/strong>, y el fin de semana dej\u00f3 grandes partidos, donde algunos futbolistas dejaron todo para el triunfo de sus equipos.<\/p>\n<p>En la porter\u00eda, el portero del <strong>Toluca<\/strong> volvi\u00f3 a las canchas y tambi\u00e9n lo hizo a nuestro 11, pues <strong>Alfredo Talavera<\/strong> fue fundamental para que los Diablos vencieran a los laguneros, al igual que en la defensa Rodrigo Salinas.<\/p>\n<p style=\"text-align: center;\"><span style=\"color: #3366ff;\"><a href=\"https:\/\/www.futboltotal.com.mx\/futbol-mexicano\/liga-mx\/los-memes-dejo-la-jornada-8-del-clausura-2018\/2018\/02\">VER M\u00c1S: Los memes que dej\u00f3 la Jornada 8 del Clausura 2018<\/a><\/span><\/p>\n<p>En el mediocampo, Carlos Esquivel realiz\u00f3 un gran partido con los Tiburones Rojos y Victor D\u00e1vila regal\u00f3 un golazo para el Necaxa que gole\u00f3 a los Rayados de Monterrey.<\/p>\n<div class=\"prevPubli\">\u00a0Pero no te contamos m\u00e1s sobre estos jugadores y aqu\u00ed en\u00a0<strong>Futbol Total<\/strong>\u00a0te dejamos:\u00a0<strong>El 11 Ideal de la Jornada 8 del Clausura 2018<\/strong>.<\/div>\n<div><img decoding=\"async\" loading=\"lazy\" class=\"size-full wp-image-518177 aligncenter\" src=\"https:\/\/www.futboltotal.com.mx\/wp-content\/uploads\/2018\/02\/11-ideal-jornada-8-clausura-2018.jpg\" alt=\"El 11 Ideal de la Jornada 8 del Clausura 2018 0\" srcset=\"http:\/\/desarrollo.grupomedios.com\/futbol\/wp-content\/uploads\/2018\/02\/11-ideal-jornada-8-clausura-2018.jpg 858w, http:\/\/desarrollo.grupomedios.com\/futbol\/wp-content\/uploads\/2018\/02\/11-ideal-jornada-8-clausura-2018-229x300.jpg 229w, http:\/\/desarrollo.grupomedios.com\/futbol\/wp-content\/uploads\/2018\/02\/11-ideal-jornada-8-clausura-2018-768x1005.jpg 768w, http:\/\/desarrollo.grupomedios.com\/futbol\/wp-content\/uploads\/2018\/02\/11-ideal-jornada-8-clausura-2018-782x1024.jpg 782w\" sizes=\"(max-width: 858px) 100vw, 858px\" \/><\/div>\n","protected":false},"excerpt":{"rendered":"<p>Mira qu\u00e9 jugadores destacaron esta jornada.<\/p>\n","protected":false},"author":129,"featured_media":518178,"comment_status":"closed","ping_status":"closed","sticky":false,"template":"","format":"standard","meta":[],"categories":[7570,2198,3845],"tags":[9028,3883,64],"_links":{"self":[{"href":"http:\/\/desarrollo.grupomedios.com\/futbol\/wp-json\/wp\/v2\/posts\/518176"}],"collection":[{"href":"http:\/\/desarrollo.grupomedios.com\/futbol\/wp-json\/wp\/v2\/posts"}],"about":[{"href":"http:\/\/desarrollo.grupomedios.com\/futbol\/wp-json\/wp\/v2\/types\/post"}],"author":[{"embeddable":true,"href":"http:\/\/desarrollo.grupomedios.com\/futbol\/wp-json\/wp\/v2\/users\/129"}],"replies":[{"embeddable":true,"href":"http:\/\/desarrollo.grupomedios.com\/futbol\/wp-json\/wp\/v2\/comments?post=518176"}],"version-history":[{"count":2,"href":"http:\/\/desarrollo.grupomedios.com\/futbol\/wp-json\/wp\/v2\/posts\/518176\/revisions"}],"predecessor-version":[{"id":518182,"href":"http:\/\/desarrollo.grupomedios.com\/futbol\/wp-json\/wp\/v2\/posts\/518176\/revisions\/518182"}],"wp:featuredmedia":[{"embeddable":true,"href":"http:\/\/desarrollo.grupomedios.com\/futbol\/wp-json\/wp\/v2\/media\/518178"}],"wp:attachment":[{"href":"http:\/\/desarrollo.grupomedios.com\/futbol\/wp-json\/wp\/v2\/media?parent=518176"}],"wp:term":[{"taxonomy":"category","embeddable":true,"href":"http:\/\/desarrollo.grupomedios.com\/futbol\/wp-json\/wp\/v2\/categories?post=518176"},{"taxonomy":"post_tag","embeddable":true,"href":"http:\/\/desarrollo.grupomedios.com\/futbol\/wp-json\/wp\/v2\/tags?post=518176"}],"curies":[{"name":"wp","href":"https:\/\/api.w.org\/{rel}","templated":true}]}}