{"id":518183,"date":"2018-02-19T10:07:03","date_gmt":"2018-02-19T16:07:03","guid":{"rendered":"https:\/\/www.futboltotal.com.mx\/?p=518183"},"modified":"2018-02-19T10:25:42","modified_gmt":"2018-02-19T16:25:42","slug":"futbolista-explota-agrede-a-recogebalones-brasil","status":"publish","type":"post","link":"http:\/\/desarrollo.grupomedios.com\/futbol\/videos\/futbolista-explota-agrede-a-recogebalones-brasil\/2018\/02","title":{"rendered":"Futbolista explota y agrede a recogebalones"},"content":{"rendered":"<p>El jugador del club <strong>Oper\u00e1rio<\/strong>, <strong>Jeferson Reis<\/strong>, explot\u00f3 y golpe\u00f3 a un recogebalones luego de que \u00e9ste festejara un gol del equipo rival, <strong>Comercial<\/strong> a minutos del final.<\/p>\n<p>El partido estuvo muy ajustado y el gol cay\u00f3 a los 90 minutos. El festejo de Comercial fue explosivo tras la definici\u00f3n de <strong>J\u00f4<\/strong>. El joven Tadeu Francisco de 19 a\u00f1os festej\u00f3 a la orilla del campo de juego.<\/p>\n<p>Jugadores e integrantes del cuerpo t\u00e9cnico del <strong>Operario<\/strong> consideraron el festejo como una provocaci\u00f3n, por lo que corrieron para agredirlo.<\/p>\n<p style=\"text-align: center;\"><span style=\"color: #3366ff;\"><a href=\"https:\/\/www.futboltotal.com.mx\/futbol-mexicano\/liga-mx\/11-ideal-la-jornada-8-del-clausura-2018-liga-mx\/2018\/02\">VER M\u00c1S: El 11 Ideal de la Jornada 8 del Clausura 2018<\/a><\/span><\/p>\n<blockquote class=\"twitter-tweet\" data-width=\"500\">\n<p lang=\"pt\" dir=\"ltr\">\u26a1\ufe0f Um jogador do Oper\u00e1rio, do Mato Grosso do Sul, deu v\u00e1rios socos em um gandula durante o cl\u00e1ssico contra o Comercial.<a href=\"https:\/\/twitter.com\/hashtag\/Agress%C3%A3o?src=hash&amp;ref_src=twsrc%5Etfw\">#Agress\u00e3o<\/a> <a href=\"https:\/\/twitter.com\/hashtag\/Viol%C3%AAncia?src=hash&amp;ref_src=twsrc%5Etfw\">#Viol\u00eancia<\/a> <a href=\"https:\/\/twitter.com\/hashtag\/QueroMeAposentar?src=hash&amp;ref_src=twsrc%5Etfw\">#QueroMeAposentar<\/a> <a href=\"https:\/\/twitter.com\/hashtag\/CopaDe2014?src=hash&amp;ref_src=twsrc%5Etfw\">#CopaDe2014<\/a> <a href=\"https:\/\/twitter.com\/hashtag\/JogoDeVarzea?src=hash&amp;ref_src=twsrc%5Etfw\">#JogoDeVarzea<\/a> <a href=\"https:\/\/twitter.com\/hashtag\/Cl%C3%A1ssicoComer%C3%A1rio?src=hash&amp;ref_src=twsrc%5Etfw\">#Cl\u00e1ssicoComer\u00e1rio<\/a>  <a href=\"https:\/\/twitter.com\/hashtag\/JefersonReis?src=hash&amp;ref_src=twsrc%5Etfw\">#JefersonReis<\/a> <a href=\"https:\/\/twitter.com\/hashtag\/ComercialMS?src=hash&amp;ref_src=twsrc%5Etfw\">#ComercialMS<\/a> <a href=\"https:\/\/twitter.com\/hashtag\/Oper%C3%A1rioMS?src=hash&amp;ref_src=twsrc%5Etfw\">#Oper\u00e1rioMS<\/a> <a href=\"https:\/\/twitter.com\/hashtag\/Pol%C3%ADciaMilitar?src=hash&amp;ref_src=twsrc%5Etfw\">#Pol\u00edciaMilitar<\/a> <a href=\"https:\/\/twitter.com\/hashtag\/BSDP?src=hash&amp;ref_src=twsrc%5Etfw\">#BSDP<\/a> <a href=\"https:\/\/t.co\/sF1CEmwos1\">pic.twitter.com\/sF1CEmwos1<\/a><\/p>\n<p>&mdash; VideosDoWhatsApp2017 (@VApp2017) <a href=\"https:\/\/twitter.com\/VApp2017\/status\/965567859576406016?ref_src=twsrc%5Etfw\">February 19, 2018<\/a><\/p><\/blockquote>\n<p><script async src=\"https:\/\/platform.twitter.com\/widgets.js\" charset=\"utf-8\"><\/script><\/p>\n<p>El recogebalones quiso salir corriendo pero Reis, que estaba en el banco de suplentes, sali\u00f3 corriendo para perseguirlo y tumbarlo.<\/p>\n","protected":false},"excerpt":{"rendered":"<p>El recogebalons festej\u00f3 el gol en contra de los rivales.<\/p>\n","protected":false},"author":129,"featured_media":518184,"comment_status":"closed","ping_status":"closed","sticky":false,"template":"","format":"standard","meta":[],"categories":[3839,4],"tags":[11817,6214],"_links":{"self":[{"href":"http:\/\/desarrollo.grupomedios.com\/futbol\/wp-json\/wp\/v2\/posts\/518183"}],"collection":[{"href":"http:\/\/desarrollo.grupomedios.com\/futbol\/wp-json\/wp\/v2\/posts"}],"about":[{"href":"http:\/\/desarrollo.grupomedios.com\/futbol\/wp-json\/wp\/v2\/types\/post"}],"author":[{"embeddable":true,"href":"http:\/\/desarrollo.grupomedios.com\/futbol\/wp-json\/wp\/v2\/users\/129"}],"replies":[{"embeddable":true,"href":"http:\/\/desarrollo.grupomedios.com\/futbol\/wp-json\/wp\/v2\/comments?post=518183"}],"version-history":[{"count":1,"href":"http:\/\/desarrollo.grupomedios.com\/futbol\/wp-json\/wp\/v2\/posts\/518183\/revisions"}],"predecessor-version":[{"id":518185,"href":"http:\/\/desarrollo.grupomedios.com\/futbol\/wp-json\/wp\/v2\/posts\/518183\/revisions\/518185"}],"wp:featuredmedia":[{"embeddable":true,"href":"http:\/\/desarrollo.grupomedios.com\/futbol\/wp-json\/wp\/v2\/media\/518184"}],"wp:attachment":[{"href":"http:\/\/desarrollo.grupomedios.com\/futbol\/wp-json\/wp\/v2\/media?parent=518183"}],"wp:term":[{"taxonomy":"category","embeddable":true,"href":"http:\/\/desarrollo.grupomedios.com\/futbol\/wp-json\/wp\/v2\/categories?post=518183"},{"taxonomy":"post_tag","embeddable":true,"href":"http:\/\/desarrollo.grupomedios.com\/futbol\/wp-json\/wp\/v2\/tags?post=518183"}],"curies":[{"name":"wp","href":"https:\/\/api.w.org\/{rel}","templated":true}]}}