{"id":518195,"date":"2018-02-19T11:53:01","date_gmt":"2018-02-19T17:53:01","guid":{"rendered":"https:\/\/www.futboltotal.com.mx\/?p=518195"},"modified":"2018-02-19T12:00:19","modified_gmt":"2018-02-19T18:00:19","slug":"chicharito-refuerza-al-west-ham-hijo-miguel-layun","status":"publish","type":"post","link":"http:\/\/desarrollo.grupomedios.com\/futbol\/futbol-internacional\/chicharito-refuerza-al-west-ham-hijo-miguel-layun\/2018\/02","title":{"rendered":"Chicharito &#8216;refuerza&#8217; al West Ham con el hijo de Miguel Lay\u00fan"},"content":{"rendered":"<p>Luego de que el <strong>West Ham<\/strong> no tuviera actividad el fin de semana por la eliminaci\u00f3n de la <strong>FA Cup<\/strong> a finales del pasado mes de enero, el mexicano <strong>Javier Hern\u00e1ndez<\/strong> aprovech\u00f3 para visitar a su amigo <strong>Miguel Lay\u00fan<\/strong>.<\/p>\n<p>Chicharito visit\u00f3 al hijo de su amigo en Sevilla y le llev\u00f3 un regalo muy especial, pues\u00a0visti\u00f3 al peque\u00f1o Mateo con la playera de los <em>Hammers<\/em> y ambos posaron para una fotograf\u00eda subida a Instagram por <strong>Ana Laura Galv\u00e1n<\/strong>, esposa de Lay\u00fan.<\/p>\n<p>\u201cExisten amigos y existe familia, y est\u00e1n los amigos que se convierten en familia\u201d, dice el texto que acompa\u00f1a a la tierna imagen de CH14 con el ni\u00f1o.<br \/>\nChicharito podr\u00eda continuar con su racha anotadora en el West Ham el s\u00e1bado 24 de febrero, d\u00eda en el que vuelvan a la actividad visitando al Liverpool.<\/p>\n<p style=\"text-align: center;\"><span style=\"color: #3366ff;\"><a href=\"https:\/\/www.futboltotal.com.mx\/futbol-internacional\/liga-de-espana\/novia-neymar-desata-los-rumores-llegada-al-real-madrid\/2018\/02\">VER M\u00c1S: Novia de Neymar desata los rumores sobre su llegada al Real Madrid<\/a><\/span><\/p>\n<blockquote class=\"instagram-media\" style=\"background: #FFF; border: 0; border-radius: 3px; box-shadow: 0 0 1px 0 rgba(0,0,0,0.5),0 1px 10px 0 rgba(0,0,0,0.15); margin: 1px; max-width: 658px; padding: 0; width: calc(100% - 2px);\" data-instgrm-captioned=\"\" data-instgrm-permalink=\"https:\/\/www.instagram.com\/p\/BfWt-PTAz9C\/\" data-instgrm-version=\"8\">\n<div style=\"padding: 8px;\">\n<div style=\"background: #F8F8F8; line-height: 0; margin-top: 40px; padding: 37.4537037037037% 0; text-align: center; width: 100%;\"><\/div>\n<p style=\"margin: 8px 0 0 0; padding: 0 4px;\"><a style=\"color: #000; font-family: Arial,sans-serif; font-size: 14px; font-style: normal; font-weight: normal; line-height: 17px; text-decoration: none; word-wrap: break-word;\" href=\"https:\/\/www.instagram.com\/p\/BfWt-PTAz9C\/\" target=\"_blank\" rel=\"noopener\">Existen amigos y existe familia, y est\u00e1n los amigos que se convierten en familia. \u2764\ufe0f #mateoysuchicharo @ch14_instagram &#x1f4f8; @andreaduro #visitasquealegran<\/a><\/p>\n<p style=\"color: #c9c8cd; font-family: Arial,sans-serif; font-size: 14px; line-height: 17px; margin-bottom: 0; margin-top: 8px; overflow: hidden; padding: 8px 0 7px; text-align: center; text-overflow: ellipsis; white-space: nowrap;\">A post shared by <a style=\"color: #c9c8cd; font-family: Arial,sans-serif; font-size: 14px; font-style: normal; font-weight: normal; line-height: 17px;\" href=\"https:\/\/www.instagram.com\/analaugalvan\/\" target=\"_blank\" rel=\"noopener\"> Ana Galv\u00e1n<\/a> (@analaugalvan) on <time style=\"font-family: Arial,sans-serif; font-size: 14px; line-height: 17px;\" datetime=\"2018-02-18T22:34:28+00:00\">Feb 18, 2018 at 2:34pm PST<\/time><\/p>\n<\/div>\n<\/blockquote>\n<p><script async defer src=\"\/\/www.instagram.com\/embed.js\"><\/script><\/p>\n<p>Por su parte, el Sevilla de Miguel Lay\u00fan enfrentar\u00e1 la ida de los octavos de final de la Champions League contra Manchester United este mi\u00e9rcoles, sin que el azteca pueda tener actividad por ser inelegible; para \u00e9l, su pr\u00f3ximo cotejo podr\u00eda ser el domingo 25 contra Atl\u00e9tico de Madrid.<\/p>\n","protected":false},"excerpt":{"rendered":"<p>El mexicano aprovech\u00f3 que no tuvo actividad con el West Ham.<\/p>\n","protected":false},"author":129,"featured_media":518196,"comment_status":"closed","ping_status":"closed","sticky":false,"template":"","format":"standard","meta":[],"categories":[3839,3844],"tags":[549,6214,1035,49,1743],"_links":{"self":[{"href":"http:\/\/desarrollo.grupomedios.com\/futbol\/wp-json\/wp\/v2\/posts\/518195"}],"collection":[{"href":"http:\/\/desarrollo.grupomedios.com\/futbol\/wp-json\/wp\/v2\/posts"}],"about":[{"href":"http:\/\/desarrollo.grupomedios.com\/futbol\/wp-json\/wp\/v2\/types\/post"}],"author":[{"embeddable":true,"href":"http:\/\/desarrollo.grupomedios.com\/futbol\/wp-json\/wp\/v2\/users\/129"}],"replies":[{"embeddable":true,"href":"http:\/\/desarrollo.grupomedios.com\/futbol\/wp-json\/wp\/v2\/comments?post=518195"}],"version-history":[{"count":2,"href":"http:\/\/desarrollo.grupomedios.com\/futbol\/wp-json\/wp\/v2\/posts\/518195\/revisions"}],"predecessor-version":[{"id":518198,"href":"http:\/\/desarrollo.grupomedios.com\/futbol\/wp-json\/wp\/v2\/posts\/518195\/revisions\/518198"}],"wp:featuredmedia":[{"embeddable":true,"href":"http:\/\/desarrollo.grupomedios.com\/futbol\/wp-json\/wp\/v2\/media\/518196"}],"wp:attachment":[{"href":"http:\/\/desarrollo.grupomedios.com\/futbol\/wp-json\/wp\/v2\/media?parent=518195"}],"wp:term":[{"taxonomy":"category","embeddable":true,"href":"http:\/\/desarrollo.grupomedios.com\/futbol\/wp-json\/wp\/v2\/categories?post=518195"},{"taxonomy":"post_tag","embeddable":true,"href":"http:\/\/desarrollo.grupomedios.com\/futbol\/wp-json\/wp\/v2\/tags?post=518195"}],"curies":[{"name":"wp","href":"https:\/\/api.w.org\/{rel}","templated":true}]}}