{"id":518205,"date":"2018-02-19T13:59:37","date_gmt":"2018-02-19T19:59:37","guid":{"rendered":"https:\/\/www.futboltotal.com.mx\/?p=518205"},"modified":"2018-02-19T14:00:55","modified_gmt":"2018-02-19T20:00:55","slug":"hijo-zidane-primer-gol-en-primera-division","status":"publish","type":"post","link":"http:\/\/desarrollo.grupomedios.com\/futbol\/futbol-internacional\/hijo-zidane-primer-gol-en-primera-division\/2018\/02","title":{"rendered":"El hijo de Zidane y su primer gol en primera divisi\u00f3n"},"content":{"rendered":"<p>Debe ser muy dura la misi\u00f3n de ser el hijo de una de las figuras m\u00e1s importantes del f\u00fatbol mundial. Estandarte de la selecci\u00f3n francesa y ahora Director T\u00e9cnico de uno de los equipos m\u00e1s respetados de este deporte, <strong>Zinedine Zidane<\/strong> es uno de los nombres que quedar\u00e1n en la historia del balonpi\u00e9. Para su hijo <strong>Enzo,<\/strong> el camino como jugador profesional debe duro y bajo una constante presi\u00f3n al tener como claro ejemplo futbol\u00edstico a su reconocido padre.<\/p>\n<p style=\"text-align: center;\"><a href=\"https:\/\/www.futboltotal.com.mx\/futbol-internacional\/champions-league\/zidane-una-final-mi-mi-me-importa\/2018\/02\">VER M\u00c1S: No es una final para m\u00ed; mi futuro no me importa: Zidane<\/a><\/p>\n<p>A los 22 a\u00f1os, el joven traza su propio camino en Suiza. Despu\u00e9s de probar suerte en el<strong> Real Madrid<\/strong> y el <strong>Alav\u00e9s, Enzo<\/strong> encontr\u00f3 su lugar en la delantera del <strong>Laussanne,<\/strong> donde este fin de semana pudo marcar su primer gol en un equipo profesional de primera divisi\u00f3n. <mark>Lamentablemente, su equipo equipo termin\u00f3 perdiendo 3-1 contra el <strong>Sion,<\/strong> que est\u00e1 \u00faltimo en la tabla de posiciones del f\u00fatbol suizo.<\/mark><\/p>\n<p style=\"text-align: center;\"><iframe loading=\"lazy\" src=\"https:\/\/www.youtube.com\/embed\/hZeR__N59jw\" frameborder=\"0\" allowfullscreen=\"allowfullscreen\"><\/iframe><\/p>\n<p>Este fue el tercer partido de <strong>Enzo<\/strong> <mark>(que se llama as\u00ed por la tremenda admiraci\u00f3n de <strong>Zinedine<\/strong> al uruguayo <strong>Enzo Francescoli<\/strong>)<\/mark> en el equipo, pero el primero como titular. Las cosas no van muy bien para \u00e9l y sus compa\u00f1eros, ya que a pesar de marcar su primer gol el Laussanne ya tiene tres derrotas.<\/p>\n<p>Veremos si a pesar de esto\u00a0<strong>Enzo<\/strong> pueda seguir encontr\u00e1ndose con el gol, y escalar en su carrera.<\/p>\n<blockquote class=\"twitter-tweet\" data-width=\"500\">\n<p lang=\"fr\" dir=\"ltr\">39\u2019 | GOOOOOOALLLL POUR LE <a href=\"https:\/\/twitter.com\/hashtag\/LS?src=hash&amp;ref_src=twsrc%5Etfw\">#LS<\/a>!! Zidane r\u00e9duit la marque pour les Vaudois!<a href=\"https:\/\/twitter.com\/hashtag\/AllezLausanne?src=hash&amp;ref_src=twsrc%5Etfw\">#AllezLausanne<\/a> <a href=\"https:\/\/twitter.com\/hashtag\/FCSLS?src=hash&amp;ref_src=twsrc%5Etfw\">#FCSLS<\/a> <a href=\"https:\/\/t.co\/5dLi7pwFis\">pic.twitter.com\/5dLi7pwFis<\/a><\/p>\n<p>&mdash; FC Lausanne-Sport (@lausanne_sport) <a href=\"https:\/\/twitter.com\/lausanne_sport\/status\/965249574259625984?ref_src=twsrc%5Etfw\">February 18, 2018<\/a><\/p><\/blockquote>\n<p><script async src=\"https:\/\/platform.twitter.com\/widgets.js\" charset=\"utf-8\"><\/script><\/p>\n","protected":false},"excerpt":{"rendered":"<p>Enzo Zidane finalmente lo logr\u00f3: En Suiza, marc\u00f3 su primer gol en el Laussanne.<\/p>\n","protected":false},"author":165,"featured_media":518217,"comment_status":"closed","ping_status":"closed","sticky":false,"template":"","format":"standard","meta":[],"categories":[3839],"tags":[7681,11820,11819,3658,11818,10574,451,2943,2215],"_links":{"self":[{"href":"http:\/\/desarrollo.grupomedios.com\/futbol\/wp-json\/wp\/v2\/posts\/518205"}],"collection":[{"href":"http:\/\/desarrollo.grupomedios.com\/futbol\/wp-json\/wp\/v2\/posts"}],"about":[{"href":"http:\/\/desarrollo.grupomedios.com\/futbol\/wp-json\/wp\/v2\/types\/post"}],"author":[{"embeddable":true,"href":"http:\/\/desarrollo.grupomedios.com\/futbol\/wp-json\/wp\/v2\/users\/165"}],"replies":[{"embeddable":true,"href":"http:\/\/desarrollo.grupomedios.com\/futbol\/wp-json\/wp\/v2\/comments?post=518205"}],"version-history":[{"count":2,"href":"http:\/\/desarrollo.grupomedios.com\/futbol\/wp-json\/wp\/v2\/posts\/518205\/revisions"}],"predecessor-version":[{"id":518221,"href":"http:\/\/desarrollo.grupomedios.com\/futbol\/wp-json\/wp\/v2\/posts\/518205\/revisions\/518221"}],"wp:featuredmedia":[{"embeddable":true,"href":"http:\/\/desarrollo.grupomedios.com\/futbol\/wp-json\/wp\/v2\/media\/518217"}],"wp:attachment":[{"href":"http:\/\/desarrollo.grupomedios.com\/futbol\/wp-json\/wp\/v2\/media?parent=518205"}],"wp:term":[{"taxonomy":"category","embeddable":true,"href":"http:\/\/desarrollo.grupomedios.com\/futbol\/wp-json\/wp\/v2\/categories?post=518205"},{"taxonomy":"post_tag","embeddable":true,"href":"http:\/\/desarrollo.grupomedios.com\/futbol\/wp-json\/wp\/v2\/tags?post=518205"}],"curies":[{"name":"wp","href":"https:\/\/api.w.org\/{rel}","templated":true}]}}