{"id":518241,"date":"2018-02-19T17:10:58","date_gmt":"2018-02-19T23:10:58","guid":{"rendered":"https:\/\/www.futboltotal.com.mx\/?p=518241"},"modified":"2018-02-19T17:10:58","modified_gmt":"2018-02-19T23:10:58","slug":"mario-balotelli-apunta-regreso-a-la-serie-a","status":"publish","type":"post","link":"http:\/\/desarrollo.grupomedios.com\/futbol\/futbol-internacional\/mario-balotelli-apunta-regreso-a-la-serie-a\/2018\/02","title":{"rendered":"Mario Balotelli apunta su regreso a la Serie A"},"content":{"rendered":"<p>Todo parece indicar que el pol\u00e9mico delantero italiano,\u00a0<strong>Mario Balotelli,\u00a0<\/strong>luego de sufrir un incidente en los terrenos de juego de Francia en donde sufri\u00f3 discriminaci\u00f3n por el color de su piel, le han puesto punto final a su desarrollo con el <strong>Nice<\/strong> y ya tendr\u00eda todo listo para marcharse de vuelta a la <strong>Serie A<\/strong> de Italia donde se vieron los mejores momentos del atacante.<\/p>\n<p>El delantero se encuentra harto por la insistencia de lanzarse insultos racistas por parte de las hinchadas en la Ligue 1, de acuerdo al diario The Sun el \u00faltimo episodio de esta historia habr\u00eda sido el colmo y por ello ha decidido marcharse, pues en el encuentro ante el<strong> Dijon<\/strong> cuando se quej\u00f3 de los insultos con el \u00e1rbitro,\u00a0<strong>Nicolas Rainville<\/strong>, este opt\u00f3 por sacarle la tarjeta amarilla.<\/p>\n<p>Esto ha sido demasiado para Mario quien ya est\u00e1 pensando en cambiar de aires para el verano, pues no desea seguir aguantando ese tipo de situaciones, adem\u00e1s que su relaci\u00f3n con el Nice y Francia, en donde ya saben que el futbolista tiene ofertas en Italia y su mayor deseo es regresar al futbol donde m\u00e1s ha podido brillar durante su carrera.<\/p>\n<p style=\"text-align: center;\"><a href=\"https:\/\/www.futboltotal.com.mx\/futbol-internacional\/liga-de-espana\/hazard-lewandowski-al-real-madrid-responden\/2018\/02\">VER M\u00c1S: \u00bfHazard y Lewandowski al Real Madrid? Ambos responden<\/a><\/p>\n<p>De acuerdo a esta misma fuente, el delantero ya cuenta con ofertas de dos viejos conocidos, el<strong> AC Milan<\/strong> y el<strong> Inter de Milan<\/strong>, quienes est\u00e1n deseosos de contratar al nueve del Nice en este verano; el regreso, en caso del equipo rossoneri ser\u00eda por pedido del estratega\u00a0<strong>Genaro Gattuso<\/strong>, a quien le gusta de sobremanera tener al delantero de 27 a\u00f1os en su escuadra.<\/p>\n<p>Por su parte en el Inter el inter\u00e9s radica en que tambi\u00e9n guardan buenos recuerdos del delantero, pero sobre todo por la duda que existe por una posible salida del atacante argentino<strong>\u00a0Mauro Icardi<\/strong>, pues adem\u00e1s de los rumores que lo rodean ha peleado con un compa\u00f1ero la semana pasada y el ambiente alrededor de \u00e9l se encuentra tenso.<\/p>\n<div class=\"line\" style=\"text-align: center;\"><a href=\"https:\/\/www.futboltotal.com.mx\/futbol-mexicano\/liga-mx\/jugador-santos-rompe-vestidor-la-bombonera-se-lesiona\/2018\/02\">VER M\u00c1S: Jugador de Santos rompe vestidor de La Bombonera y se lesiona<\/a><\/div>\n","protected":false},"excerpt":{"rendered":"<p>El delantero italiano se encuentra harto de Francia y al Ligue 1 por lo que ya tiene decidido marcharse<\/p>\n","protected":false},"author":159,"featured_media":518248,"comment_status":"closed","ping_status":"closed","sticky":false,"template":"","format":"standard","meta":[],"categories":[3839,3848],"tags":[1630,227,6002,704,5958],"_links":{"self":[{"href":"http:\/\/desarrollo.grupomedios.com\/futbol\/wp-json\/wp\/v2\/posts\/518241"}],"collection":[{"href":"http:\/\/desarrollo.grupomedios.com\/futbol\/wp-json\/wp\/v2\/posts"}],"about":[{"href":"http:\/\/desarrollo.grupomedios.com\/futbol\/wp-json\/wp\/v2\/types\/post"}],"author":[{"embeddable":true,"href":"http:\/\/desarrollo.grupomedios.com\/futbol\/wp-json\/wp\/v2\/users\/159"}],"replies":[{"embeddable":true,"href":"http:\/\/desarrollo.grupomedios.com\/futbol\/wp-json\/wp\/v2\/comments?post=518241"}],"version-history":[{"count":1,"href":"http:\/\/desarrollo.grupomedios.com\/futbol\/wp-json\/wp\/v2\/posts\/518241\/revisions"}],"predecessor-version":[{"id":518249,"href":"http:\/\/desarrollo.grupomedios.com\/futbol\/wp-json\/wp\/v2\/posts\/518241\/revisions\/518249"}],"wp:featuredmedia":[{"embeddable":true,"href":"http:\/\/desarrollo.grupomedios.com\/futbol\/wp-json\/wp\/v2\/media\/518248"}],"wp:attachment":[{"href":"http:\/\/desarrollo.grupomedios.com\/futbol\/wp-json\/wp\/v2\/media?parent=518241"}],"wp:term":[{"taxonomy":"category","embeddable":true,"href":"http:\/\/desarrollo.grupomedios.com\/futbol\/wp-json\/wp\/v2\/categories?post=518241"},{"taxonomy":"post_tag","embeddable":true,"href":"http:\/\/desarrollo.grupomedios.com\/futbol\/wp-json\/wp\/v2\/tags?post=518241"}],"curies":[{"name":"wp","href":"https:\/\/api.w.org\/{rel}","templated":true}]}}