{"id":518250,"date":"2018-02-19T17:31:35","date_gmt":"2018-02-19T23:31:35","guid":{"rendered":"https:\/\/www.futboltotal.com.mx\/?p=518250"},"modified":"2018-02-19T17:31:35","modified_gmt":"2018-02-19T23:31:35","slug":"pep-guardiola-kun-aguero-pierden-la-cabeza-tras-derrota","status":"publish","type":"post","link":"http:\/\/desarrollo.grupomedios.com\/futbol\/futbol-internacional\/pep-guardiola-kun-aguero-pierden-la-cabeza-tras-derrota\/2018\/02","title":{"rendered":"Pep Guardiola y Kun Ag\u00fcero pierden la cabeza tras derrota"},"content":{"rendered":"<p>El <strong>Manchester City<\/strong> sufri\u00f3 una dolorosa derrota ante el<strong> Wigan<\/strong>, quien se encarg\u00f3 de despacharlos en los Octavos de Final de la<strong> FA Cup<\/strong>, esto le cay\u00f3 muy mal a los <strong>Citizens<\/strong> quienes perdieron la cabeza al terminar el encuentro, al menos dos de las cabezas del grupo; el estratega\u00a0<strong>Pep Guardiola\u00a0<\/strong>y el delantero argentino, <strong>Sergio\u00a0Kun Ag\u00fcero<\/strong>.<\/p>\n<p>El primer roce entre las escuadras se dio cuando el estratega,\u00a0<b>Pep Guardiola,\u00a0<\/b>tuvo un encuentro con el director t\u00e9cnico del Wigan,\u00a0<b>Paul Cook\u00a0<\/b>cuando <strong>Fabian Delph<\/strong>, futbolista del City cometi\u00f3 una fuerte entrada sobre <strong>Max Powell<\/strong>, el jugador hab\u00eda sido amonestado en primera instancia, pero el cuarto silbante indic\u00f3 que deb\u00eda ser expulsado y lo echaron del encuentro.<\/p>\n<p style=\"text-align: center;\"><a href=\"https:\/\/www.futboltotal.com.mx\/futbol-mexicano\/liga-mx\/jugador-santos-rompe-vestidor-la-bombonera-se-lesiona\/2018\/02\">VER M\u00c1S: Jugador de Santos rompe vestidor de La Bombonera y se lesiona<\/a><\/p>\n<p>Esta discusi\u00f3n se fue hasta el vestidor, donde se mira como el cuerpo t\u00e9cnico de ambos clubes intenta tranquilizar a ambos estrategas, quienes buscaban encararse; en algo poco visto por parte del espa\u00f1ol.<\/p>\n<blockquote class=\"twitter-tweet\" data-width=\"500\">\n<p lang=\"es\" dir=\"ltr\">El entrenador de los valors, Josep Guardiola, se va a por el entrenador del Wigan. No nos extra\u00f1a, ya lo hizo en su etapa del Barcelona con el entrenador del Copenhague.<\/p>\n<p> <a href=\"https:\/\/t.co\/ritgygUMx4\">pic.twitter.com\/ritgygUMx4<\/a><\/p>\n<p>&mdash; Meritocracia Blanca (@MeritoRMCF) <a href=\"https:\/\/twitter.com\/MeritoRMCF\/status\/965697165191516161?ref_src=twsrc%5Etfw\">February 19, 2018<\/a><\/p><\/blockquote>\n<p><script async src=\"https:\/\/platform.twitter.com\/widgets.js\" charset=\"utf-8\"><\/script><\/p>\n<p>De igual manera, en un video difundido a trav\u00e9s de redes sociales se puede ver como algunos aficionados invaden el terreno de juego, uno de ellos es quien hacer salir de sus casillas al delantero <strong>Kun Ag\u00fcero<\/strong>, quien intenta golpearlo pero alcanza a ser contenido por un jugador del Wigan.<\/p>\n<blockquote class=\"twitter-tweet\" data-width=\"500\">\n<p lang=\"es\" dir=\"ltr\">Aguero vs Wigan fan <a href=\"https:\/\/t.co\/wqos4XoXCb\">pic.twitter.com\/wqos4XoXCb<\/a><\/p>\n<p>&mdash; Football Fights (@footbalIfights) <a href=\"https:\/\/twitter.com\/footbalIfights\/status\/965709247278407680?ref_src=twsrc%5Etfw\">February 19, 2018<\/a><\/p><\/blockquote>\n<p><script async src=\"https:\/\/platform.twitter.com\/widgets.js\" charset=\"utf-8\"><\/script><\/p>\n<p style=\"text-align: center;\"><a href=\"https:\/\/www.futboltotal.com.mx\/futbol-internacional\/liga-de-italia\/mario-balotelli-apunta-regreso-a-la-serie-a\/2018\/02\">VER M\u00c1S: Mario Balotelli apunta su regreso a la Serie A<\/a><\/p>\n","protected":false},"excerpt":{"rendered":"<p>Ambos elementos del City no aguantaron la derrota que les propin\u00f3 el Wigan en la FA Cup<\/p>\n","protected":false},"author":159,"featured_media":518252,"comment_status":"closed","ping_status":"closed","sticky":false,"template":"","format":"standard","meta":[],"categories":[3839,3846],"tags":[2348,5993,1791,947,2296],"_links":{"self":[{"href":"http:\/\/desarrollo.grupomedios.com\/futbol\/wp-json\/wp\/v2\/posts\/518250"}],"collection":[{"href":"http:\/\/desarrollo.grupomedios.com\/futbol\/wp-json\/wp\/v2\/posts"}],"about":[{"href":"http:\/\/desarrollo.grupomedios.com\/futbol\/wp-json\/wp\/v2\/types\/post"}],"author":[{"embeddable":true,"href":"http:\/\/desarrollo.grupomedios.com\/futbol\/wp-json\/wp\/v2\/users\/159"}],"replies":[{"embeddable":true,"href":"http:\/\/desarrollo.grupomedios.com\/futbol\/wp-json\/wp\/v2\/comments?post=518250"}],"version-history":[{"count":1,"href":"http:\/\/desarrollo.grupomedios.com\/futbol\/wp-json\/wp\/v2\/posts\/518250\/revisions"}],"predecessor-version":[{"id":518253,"href":"http:\/\/desarrollo.grupomedios.com\/futbol\/wp-json\/wp\/v2\/posts\/518250\/revisions\/518253"}],"wp:featuredmedia":[{"embeddable":true,"href":"http:\/\/desarrollo.grupomedios.com\/futbol\/wp-json\/wp\/v2\/media\/518252"}],"wp:attachment":[{"href":"http:\/\/desarrollo.grupomedios.com\/futbol\/wp-json\/wp\/v2\/media?parent=518250"}],"wp:term":[{"taxonomy":"category","embeddable":true,"href":"http:\/\/desarrollo.grupomedios.com\/futbol\/wp-json\/wp\/v2\/categories?post=518250"},{"taxonomy":"post_tag","embeddable":true,"href":"http:\/\/desarrollo.grupomedios.com\/futbol\/wp-json\/wp\/v2\/tags?post=518250"}],"curies":[{"name":"wp","href":"https:\/\/api.w.org\/{rel}","templated":true}]}}