{"id":518254,"date":"2018-02-19T17:51:49","date_gmt":"2018-02-19T23:51:49","guid":{"rendered":"https:\/\/www.futboltotal.com.mx\/?p=518254"},"modified":"2018-02-19T17:51:49","modified_gmt":"2018-02-19T23:51:49","slug":"pedro-gallese-sera-operado-cuanto-tiempo-estara-baja","status":"publish","type":"post","link":"http:\/\/desarrollo.grupomedios.com\/futbol\/destacado-home\/pedro-gallese-sera-operado-cuanto-tiempo-estara-baja\/2018\/02","title":{"rendered":"Pedro Gallese ser\u00e1 operado, \u00bfCu\u00e1nto tiempo estar\u00e1 de baja?"},"content":{"rendered":"<p>El guardameta peruano, <strong>Pedro Gallese<\/strong>, quien se encontraba haciendo una estupenda temporada con los <strong>Tiburones de Veracruz<\/strong> en busca por quedarse en la primera divisi\u00f3n, tendr\u00e1 que detener toda actividad luego que ser\u00e1 operado tras salir lesionado en el encuentro que su equipo empat\u00f3 a un gol ante las <strong>\u00c1guilas del Am\u00e9rica<\/strong>.<\/p>\n<p>El futbolista peruano fue sometido a una resonancia magn\u00e9tica este lunes por la ma\u00f1ana, en donde <mark>se determin\u00f3 que sufr\u00eda una\u00a0rotura de menisco de su rodilla derecha<\/mark>, motivo por el que deber\u00e1 ir a cirug\u00eda con el\u00a0doctor<strong> Rafael Ortega<\/strong> en Guadalajara y lo tendr\u00e1 lejos de la cancha de entre cuatro a seis semanas.<\/p>\n<p style=\"text-align: center;\"><a href=\"https:\/\/www.futboltotal.com.mx\/futbol-internacional\/champions-league\/los-7-jugadores-jugaron-en-barcelona-chelsea\/2018\/02\">VER M\u00c1S: Los 7 jugadores que jugaron en el Barcelona y el Chelsea<\/a><\/p>\n<p>El capit\u00e1n del equipo escuela tendr\u00e1 que viajar a tierras tapat\u00edas el mi\u00e9rcoles para ingresar al quir\u00f3fano y posteriormente comenzar con al rehabilitaci\u00f3n pertinente. Un golpe duro para el equipo de Memo V\u00e1zquez que se encuentra peleando por la categor\u00eda, adem\u00e1s que el jugador est\u00e1 siendo considerado como el guardameta titular de Per\u00fa para la Copa del Mundo de Rusia 2018.<\/p>\n<p>De entrada, el guardameta se perder\u00eda los duelos ante<strong> Lobos BUAP, Tigres UANL, Monarcas Morelia<\/strong> y <strong>Atlas tde Guadalajara<\/strong>, pero de prolongarse su tiempo de recuperaci\u00f3n tampoco ver\u00eda acci\u00f3n ante los<strong> Xolos de Tijuana<\/strong> y las<strong> Chivas de Guadalajara<\/strong>, regresando para la fecha 15 en el duelo ante el Le\u00f3n. Por lo pronto su lugar ser\u00e1 tomado por\u00a0<b>Melit\u00f3n Hern\u00e1ndez.<\/b><\/p>\n<blockquote class=\"twitter-tweet\" data-data-dnt=\"true\">\n<p lang=\"es\" dir=\"ltr\"><a href=\"https:\/\/twitter.com\/hashtag\/NOTA?src=hash&amp;ref_src=twsrc%5Etfw\">#NOTA<\/a> \ud83d\udcdd<a href=\"https:\/\/twitter.com\/pedrogallese?ref_src=twsrc%5Etfw\">@pedrogallese<\/a> ser\u00e1 operado <a href=\"https:\/\/t.co\/Wfmot1UtnU\">https:\/\/t.co\/Wfmot1UtnU<\/a><a href=\"https:\/\/twitter.com\/hashtag\/FuerzaGallese?src=hash&amp;ref_src=twsrc%5Etfw\">#FuerzaGallese<\/a> <a href=\"https:\/\/twitter.com\/hashtag\/MeRifoPorTi?src=hash&amp;ref_src=twsrc%5Etfw\">#MeRifoPorTi<\/a> <a href=\"https:\/\/twitter.com\/hashtag\/TodosSomosVeracruz?src=hash&amp;ref_src=twsrc%5Etfw\">#TodosSomosVeracruz<\/a> \ud83d\udd34\ud83d\udd35\ud83e\udd88 <a href=\"https:\/\/t.co\/CnY7Bzqftt\">pic.twitter.com\/CnY7Bzqftt<\/a><\/p>\n<p>&mdash; Club Deportivo Veracruz \ud83e\udd88 (@ClubTiburones) <a href=\"https:\/\/twitter.com\/ClubTiburones\/status\/965681827037024256?ref_src=twsrc%5Etfw\">February 19, 2018<\/a><\/p><\/blockquote>\n<p><script async src=\"https:\/\/platform.twitter.com\/widgets.js\" charset=\"utf-8\"><\/script><\/p>\n<p style=\"text-align: center;\"><a href=\"https:\/\/www.futboltotal.com.mx\/futbol-internacional\/liga-de-italia\/mario-balotelli-apunta-regreso-a-la-serie-a\/2018\/02\">VER M\u00c1S: Mario Balotelli apunta su regreso a la Serie A<\/a><\/p>\n","protected":false},"excerpt":{"rendered":"<p>El guardameta peruano tendr\u00e1 que parar la actividad por varias semanas con Veracruz<\/p>\n","protected":false},"author":159,"featured_media":518257,"comment_status":"closed","ping_status":"closed","sticky":false,"template":"","format":"standard","meta":[],"categories":[5,2198,3845],"tags":[9028,64,7204,298,6049],"_links":{"self":[{"href":"http:\/\/desarrollo.grupomedios.com\/futbol\/wp-json\/wp\/v2\/posts\/518254"}],"collection":[{"href":"http:\/\/desarrollo.grupomedios.com\/futbol\/wp-json\/wp\/v2\/posts"}],"about":[{"href":"http:\/\/desarrollo.grupomedios.com\/futbol\/wp-json\/wp\/v2\/types\/post"}],"author":[{"embeddable":true,"href":"http:\/\/desarrollo.grupomedios.com\/futbol\/wp-json\/wp\/v2\/users\/159"}],"replies":[{"embeddable":true,"href":"http:\/\/desarrollo.grupomedios.com\/futbol\/wp-json\/wp\/v2\/comments?post=518254"}],"version-history":[{"count":1,"href":"http:\/\/desarrollo.grupomedios.com\/futbol\/wp-json\/wp\/v2\/posts\/518254\/revisions"}],"predecessor-version":[{"id":518259,"href":"http:\/\/desarrollo.grupomedios.com\/futbol\/wp-json\/wp\/v2\/posts\/518254\/revisions\/518259"}],"wp:featuredmedia":[{"embeddable":true,"href":"http:\/\/desarrollo.grupomedios.com\/futbol\/wp-json\/wp\/v2\/media\/518257"}],"wp:attachment":[{"href":"http:\/\/desarrollo.grupomedios.com\/futbol\/wp-json\/wp\/v2\/media?parent=518254"}],"wp:term":[{"taxonomy":"category","embeddable":true,"href":"http:\/\/desarrollo.grupomedios.com\/futbol\/wp-json\/wp\/v2\/categories?post=518254"},{"taxonomy":"post_tag","embeddable":true,"href":"http:\/\/desarrollo.grupomedios.com\/futbol\/wp-json\/wp\/v2\/tags?post=518254"}],"curies":[{"name":"wp","href":"https:\/\/api.w.org\/{rel}","templated":true}]}}