{"id":518263,"date":"2018-02-19T18:51:15","date_gmt":"2018-02-20T00:51:15","guid":{"rendered":"https:\/\/www.futboltotal.com.mx\/?p=518263"},"modified":"2018-02-19T18:51:15","modified_gmt":"2018-02-20T00:51:15","slug":"aficion-del-frankfurt-odia-los-lunes-inusual-protesta","status":"publish","type":"post","link":"http:\/\/desarrollo.grupomedios.com\/futbol\/futbol-internacional\/aficion-del-frankfurt-odia-los-lunes-inusual-protesta\/2018\/02","title":{"rendered":"Afici\u00f3n del Frankfurt odia los lunes y hace inusual protesta"},"content":{"rendered":"<p>Los aficionados de la Bundesliga est\u00e1n totalmente en contra de los duelos que se disputan los d\u00edas lunes y esto lo dejaron muy en claro este lunes durante el encuentro que disput\u00f3 el\u00a0<strong>Eintracht Frankfurt<\/strong>\u00a0de Carlos Salcedo y Marco Fabi\u00e1n ante el\u00a0<strong>Leipzig<\/strong>.<\/p>\n<p>Durante dicho cotejo, los seguidores del equipo retrasaron el inicio de la segunda mitad del encuentro, luego de llenar el terreno de juego con pelotas de tenis, esto a manera de protesta por hacer un juego en lunes y de igual manera durante los 90 minutos del encuentro se dedicaron a abuchear la decisi\u00f3n tomada por la Bundesliga.<\/p>\n<p>&#8220;Hasta mi peluquero descansa los lunes&#8221;, se le\u00edan en las pancartas que llevaban varios aficionados, adem\u00e1s que el sonido de la <strong>Commerzbank-Arena<\/strong> hizo sonar la canci\u00f3n de Bob Geldof titulada\u00a0&#8216;I don&#8217;t like\u00a0<strong>Mondays<\/strong>&#8216; (No me gustan los lunes) a modo de protesta.<\/p>\n<p style=\"text-align: center;\"><a href=\"https:\/\/www.futboltotal.com.mx\/futbol-internacional\/liga-de-inglaterra\/pep-guardiola-kun-aguero-pierden-la-cabeza-tras-derrota\/2018\/02\">VER M\u00c1S: Pep Guardiola y Kun Ag\u00fcero pierden la cabeza tras derrota<\/a><\/p>\n<p>Por otro lado, aficionados del\u00a0<strong>Borussia Dortmund\u00a0<\/strong>han anticipado que realizar\u00e1n un boicot durante el partido ante el Aubsburgo que disputar\u00e1n el pr\u00f3ximo lunes 26 de febrero, pues de igual forma est\u00e1n en desacuerdo por jugar en ese d\u00eda de la semana.<\/p>\n<blockquote class=\"twitter-tweet\" data-width=\"500\">\n<p lang=\"es\" dir=\"ltr\">\u00a1PROTESTA CON PELOTAS DE TENIS!<a href=\"https:\/\/twitter.com\/hashtag\/BundesligaxFOX?src=hash&amp;ref_src=twsrc%5Etfw\">#BundesligaxFOX<\/a> Carlos Salcedo y todo Eintracht Frankfurt vieron como la cancha se llen\u00f3 de pelotas de tenis<\/p>\n<p>\u00bfPOR QU\u00c9? La afici\u00f3n protesta que haya juegos de Bundesliga en lunes <a href=\"https:\/\/t.co\/2VasIxLQjI\">pic.twitter.com\/2VasIxLQjI<\/a><\/p>\n<p>&mdash; FOX Sports MX (@FOXSportsMX) <a href=\"https:\/\/twitter.com\/FOXSportsMX\/status\/965690912713015296?ref_src=twsrc%5Etfw\">February 19, 2018<\/a><\/p><\/blockquote>\n<p><script async src=\"https:\/\/platform.twitter.com\/widgets.js\" charset=\"utf-8\"><\/script><\/p>\n<p style=\"text-align: center;\"><a href=\"https:\/\/www.futboltotal.com.mx\/futbol-mexicano\/liga-mx\/pedro-gallese-sera-operado-cuanto-tiempo-estara-baja\/2018\/02\">VER M\u00c1S: Pedro Gallese ser\u00e1 operado, \u00bfCu\u00e1nto tiempo estar\u00e1 de baja?<\/a><\/p>\n","protected":false},"excerpt":{"rendered":"<p>El cuadro alem\u00e1n mostr\u00f3 su desacuerdo con la Bundesliga por ponerles un juego en ese d\u00eda de la semana<\/p>\n","protected":false},"author":159,"featured_media":518264,"comment_status":"closed","ping_status":"closed","sticky":false,"template":"","format":"standard","meta":[],"categories":[9808,3839],"tags":[6000,119,3588,7615],"_links":{"self":[{"href":"http:\/\/desarrollo.grupomedios.com\/futbol\/wp-json\/wp\/v2\/posts\/518263"}],"collection":[{"href":"http:\/\/desarrollo.grupomedios.com\/futbol\/wp-json\/wp\/v2\/posts"}],"about":[{"href":"http:\/\/desarrollo.grupomedios.com\/futbol\/wp-json\/wp\/v2\/types\/post"}],"author":[{"embeddable":true,"href":"http:\/\/desarrollo.grupomedios.com\/futbol\/wp-json\/wp\/v2\/users\/159"}],"replies":[{"embeddable":true,"href":"http:\/\/desarrollo.grupomedios.com\/futbol\/wp-json\/wp\/v2\/comments?post=518263"}],"version-history":[{"count":1,"href":"http:\/\/desarrollo.grupomedios.com\/futbol\/wp-json\/wp\/v2\/posts\/518263\/revisions"}],"predecessor-version":[{"id":518265,"href":"http:\/\/desarrollo.grupomedios.com\/futbol\/wp-json\/wp\/v2\/posts\/518263\/revisions\/518265"}],"wp:featuredmedia":[{"embeddable":true,"href":"http:\/\/desarrollo.grupomedios.com\/futbol\/wp-json\/wp\/v2\/media\/518264"}],"wp:attachment":[{"href":"http:\/\/desarrollo.grupomedios.com\/futbol\/wp-json\/wp\/v2\/media?parent=518263"}],"wp:term":[{"taxonomy":"category","embeddable":true,"href":"http:\/\/desarrollo.grupomedios.com\/futbol\/wp-json\/wp\/v2\/categories?post=518263"},{"taxonomy":"post_tag","embeddable":true,"href":"http:\/\/desarrollo.grupomedios.com\/futbol\/wp-json\/wp\/v2\/tags?post=518263"}],"curies":[{"name":"wp","href":"https:\/\/api.w.org\/{rel}","templated":true}]}}