{"id":518269,"date":"2018-02-20T08:15:17","date_gmt":"2018-02-20T14:15:17","guid":{"rendered":"https:\/\/www.futboltotal.com.mx\/?p=518269"},"modified":"2018-02-20T08:31:15","modified_gmt":"2018-02-20T14:31:15","slug":"la-bundesliga-una-liga-en-decadencia-en-la-champions-league","status":"publish","type":"post","link":"http:\/\/desarrollo.grupomedios.com\/futbol\/destacado-home\/la-bundesliga-una-liga-en-decadencia-en-la-champions-league\/2018\/02","title":{"rendered":"La Bundesliga, una liga en decadencia en la Champions League"},"content":{"rendered":"<p>Una de las ligas m\u00e1s importantes en el orbe es la liga alemana, por todo lo que ha significado en la \u00faltima d\u00e9cada, con equipos como el <strong>Bayern Munich, el Borussia Dortmund, el Schalke, el Stuttgart, el Wolfsburgo y el Bayer Leverkusen<\/strong>, donde militara el delantero mexicano <strong>Javier Hern\u00e1ndez<\/strong>.<\/p>\n<p>Grandes momentos ha vivido la Liga de Alemania en la <strong>UEFA Champions League<\/strong>, donde incluso en la \u00faltima d\u00e9cada ha tenido exponentes fuertes que han llegado a la final e incluso llev\u00e1ndose el t\u00edtulo, como lo hiciera el Bayern Munich en la <strong>temporada 2012-13<\/strong> derrotando en el juego por &#8220;la orejona&#8221; a otro rival alem\u00e1n, Borussia Dortmund.<\/p>\n<p>Sin embargo, <strong>Alemania<\/strong> ha venido en decadencia con sus representantes en la Champions League.<\/p>\n<p style=\"text-align: center;\"><span style=\"color: #333399;\"><a href=\"https:\/\/www.futboltotal.com.mx\/futbol-internacional\/aficion-del-frankfurt-odia-los-lunes-inusual-protesta\/2018\/02\">VER M\u00c1S:\u00a0<span class=\"item-title\">Afici\u00f3n del Frankfurt odia los lunes y hace inusual protesta<\/span><\/a><\/span><\/p>\n<p>Para esta temporada, <strong>el futbol alem\u00e1n s\u00f3lo logr\u00f3 conseguir que el Bayern Munich fuera el \u00fanico representante de su balompi\u00e9 en los octavos de final<\/strong> de la justa copera.<\/p>\n<p><mark>Esta situaci\u00f3n no se daba desde la temporada del 2008-2009, cuando Alemania tambi\u00e9n tuvo s\u00f3lo un equipo que pas\u00f3 a la segunda fase de dicho certamen.<\/mark><\/p>\n<p>Este martes, el Bayern Munich, \u00fanica instituci\u00f3n alemana presente en los octavos de final de esta temporada, abrir\u00e1 su camino en busca del t\u00edtulo cuando enfrente al <strong>Besiktas de Turqu\u00eda<\/strong>.<\/p>\n<p style=\"text-align: center;\"><span style=\"color: #333399;\"><a href=\"https:\/\/www.futboltotal.com.mx\/futbol-internacional\/pep-guardiola-kun-aguero-pierden-la-cabeza-tras-derrota\/2018\/02\">VER M\u00c1S:\u00a0<span class=\"item-title\">Pep Guardiola y Kun Ag\u00fcero pierden la cabeza tras derrota<\/span><\/a><\/span><\/p>\n<p>Los b\u00e1varos fueron segundo lugar del <strong>Grupo B con 15 puntos<\/strong>, s\u00f3lo atr\u00e1s del PSG que tuvo la misma cantidad de unidades, pero con sus duelos entre s\u00ed superaron por goles a los alemanes y eso los dej\u00f3 l\u00edderes del sector.<\/p>\n<p>La <strong>Bundesliga<\/strong> no la tendr\u00e1 f\u00e1cil en esta Champions con grandes exponentes de <strong>La Liga y de la Premier League<\/strong>, pero a un equipo alem\u00e1n nunca se le puede dar por descontado, y menos cuando frente a \u00e9l est\u00e1 Jupp Heynckes, \u00e9l \u00faltimo entrenador que fue capaz de ganar una Liga de Campeones de Europa con el Bayern Munich.<\/p>\n","protected":false},"excerpt":{"rendered":"<p>Desde la temporada 2008, la Bundesliga no ten\u00eda solamente a un equipo en la fase de octavos de final <\/p>\n","protected":false},"author":160,"featured_media":518271,"comment_status":"closed","ping_status":"closed","sticky":false,"template":"","format":"standard","meta":[],"categories":[9808,3841,5,3839],"tags":[4335,2056,6047,119,36,3026,117,3521],"_links":{"self":[{"href":"http:\/\/desarrollo.grupomedios.com\/futbol\/wp-json\/wp\/v2\/posts\/518269"}],"collection":[{"href":"http:\/\/desarrollo.grupomedios.com\/futbol\/wp-json\/wp\/v2\/posts"}],"about":[{"href":"http:\/\/desarrollo.grupomedios.com\/futbol\/wp-json\/wp\/v2\/types\/post"}],"author":[{"embeddable":true,"href":"http:\/\/desarrollo.grupomedios.com\/futbol\/wp-json\/wp\/v2\/users\/160"}],"replies":[{"embeddable":true,"href":"http:\/\/desarrollo.grupomedios.com\/futbol\/wp-json\/wp\/v2\/comments?post=518269"}],"version-history":[{"count":1,"href":"http:\/\/desarrollo.grupomedios.com\/futbol\/wp-json\/wp\/v2\/posts\/518269\/revisions"}],"predecessor-version":[{"id":518272,"href":"http:\/\/desarrollo.grupomedios.com\/futbol\/wp-json\/wp\/v2\/posts\/518269\/revisions\/518272"}],"wp:featuredmedia":[{"embeddable":true,"href":"http:\/\/desarrollo.grupomedios.com\/futbol\/wp-json\/wp\/v2\/media\/518271"}],"wp:attachment":[{"href":"http:\/\/desarrollo.grupomedios.com\/futbol\/wp-json\/wp\/v2\/media?parent=518269"}],"wp:term":[{"taxonomy":"category","embeddable":true,"href":"http:\/\/desarrollo.grupomedios.com\/futbol\/wp-json\/wp\/v2\/categories?post=518269"},{"taxonomy":"post_tag","embeddable":true,"href":"http:\/\/desarrollo.grupomedios.com\/futbol\/wp-json\/wp\/v2\/tags?post=518269"}],"curies":[{"name":"wp","href":"https:\/\/api.w.org\/{rel}","templated":true}]}}