{"id":518290,"date":"2018-02-20T08:37:13","date_gmt":"2018-02-20T14:37:13","guid":{"rendered":"https:\/\/www.futboltotal.com.mx\/?p=518290"},"modified":"2018-02-20T10:27:20","modified_gmt":"2018-02-20T16:27:20","slug":"alfredo-tena-rechaza-oferta-dirigir-en-egipto","status":"publish","type":"post","link":"http:\/\/desarrollo.grupomedios.com\/futbol\/futbol-mexicano\/alfredo-tena-rechaza-oferta-dirigir-en-egipto\/2018\/02","title":{"rendered":"Alfredo Tena rechaza oferta para dirigir en Egipto"},"content":{"rendered":"<p>A pesar de no estar dirigiendo en primera divisi\u00f3n, la labor que est\u00e1 realizando <strong>Alfredo Tena<\/strong> con las Fuerzas B\u00e1sicas del <strong>Am\u00e9rica<\/strong> no ha pasado desapercibida alrededor del mundo, pues el conocido como\u00a0\u201cCapit\u00e1n Furia\u201d recibi\u00f3 una oferta\u00a0 jugosa desde<strong> Egipto<\/strong> para dirigir en primera divisi\u00f3n, pero la rechaz\u00f3 para seguir con las \u00c1guilas.<\/p>\n<p>El cuadro de los\u00a0<strong>Petroleros de El Cairo\u00a0<\/strong>fueron quienes se interesaron en el estratega mexicano, por su parte Tena agradeci\u00f3 el hecho que el equipo africano se fijara en su trabajo, sin embargo desech\u00f3 la idea de ser el timonel pues por el momento prefiere mantenerse en el equipo azulcrema, de acuerdo con el diario Esto.<\/p>\n<p style=\"text-align: center;\"><a href=\"https:\/\/www.futboltotal.com.mx\/futbol-internacional\/champions-league\/la-bundesliga-una-liga-en-decadencia-en-la-champions-league\/2018\/02\">VER M\u00c1S: La Bundesliga, una liga en decadencia en la Champions League<\/a><\/p>\n<p>Esta labor de Tena ha sido reflejada en el actual <strong>Clausura 2018<\/strong>, pues por el momento en categor\u00edas inferiores\u00a0<strong>sub 15, sub 17 y sub 20\u00a0<\/strong>se mantienen l\u00edderes de grupos y sobre todo de la tabla general respectivamente, una raz\u00f3n importante para desear seguir puliendo el talento joven de la cantera de Coapa.<\/p>\n<p>El &#8216;Capit\u00e1n Furia&#8217; se estren\u00f3 como estratega en 1993 con la <strong>Franja del Puebla<\/strong>, ha salido Campe\u00f3n de Liga en dos ocasiones; el primero fue con <strong>Santos Laguna<\/strong> en\u00a0 el Invierno de 1996 y el segundo con los <strong>Tuzos de Pachuca<\/strong> en el Invierno de 2001.<\/p>\n<p style=\"text-align: center;\"><a href=\"https:\/\/www.futboltotal.com.mx\/futbol-internacional\/concachampions\/3-mexicanos-olvidados-fueron-goleadores-concachampions\/2018\/02\">VER M\u00c1S: 3 mexicanos olvidados que fueron goleadores en Concachampions<\/a><\/p>\n","protected":false},"excerpt":{"rendered":"<p>El &#8216;Capit\u00e1n Furia&#8217; prefiri\u00f3 quedarse con las \u00c1guilas del Am\u00e9rica a pesar de tener una jugos oferta <\/p>\n","protected":false},"author":159,"featured_media":518292,"comment_status":"closed","ping_status":"closed","sticky":false,"template":"","format":"standard","meta":[],"categories":[2198,3845],"tags":[1585,1871,5959,858,64],"_links":{"self":[{"href":"http:\/\/desarrollo.grupomedios.com\/futbol\/wp-json\/wp\/v2\/posts\/518290"}],"collection":[{"href":"http:\/\/desarrollo.grupomedios.com\/futbol\/wp-json\/wp\/v2\/posts"}],"about":[{"href":"http:\/\/desarrollo.grupomedios.com\/futbol\/wp-json\/wp\/v2\/types\/post"}],"author":[{"embeddable":true,"href":"http:\/\/desarrollo.grupomedios.com\/futbol\/wp-json\/wp\/v2\/users\/159"}],"replies":[{"embeddable":true,"href":"http:\/\/desarrollo.grupomedios.com\/futbol\/wp-json\/wp\/v2\/comments?post=518290"}],"version-history":[{"count":2,"href":"http:\/\/desarrollo.grupomedios.com\/futbol\/wp-json\/wp\/v2\/posts\/518290\/revisions"}],"predecessor-version":[{"id":518316,"href":"http:\/\/desarrollo.grupomedios.com\/futbol\/wp-json\/wp\/v2\/posts\/518290\/revisions\/518316"}],"wp:featuredmedia":[{"embeddable":true,"href":"http:\/\/desarrollo.grupomedios.com\/futbol\/wp-json\/wp\/v2\/media\/518292"}],"wp:attachment":[{"href":"http:\/\/desarrollo.grupomedios.com\/futbol\/wp-json\/wp\/v2\/media?parent=518290"}],"wp:term":[{"taxonomy":"category","embeddable":true,"href":"http:\/\/desarrollo.grupomedios.com\/futbol\/wp-json\/wp\/v2\/categories?post=518290"},{"taxonomy":"post_tag","embeddable":true,"href":"http:\/\/desarrollo.grupomedios.com\/futbol\/wp-json\/wp\/v2\/tags?post=518290"}],"curies":[{"name":"wp","href":"https:\/\/api.w.org\/{rel}","templated":true}]}}