{"id":518304,"date":"2018-02-20T09:38:22","date_gmt":"2018-02-20T15:38:22","guid":{"rendered":"https:\/\/www.futboltotal.com.mx\/?p=518304"},"modified":"2018-02-20T09:38:22","modified_gmt":"2018-02-20T15:38:22","slug":"borussia-dortmund-se-prepara-vender-2-jugadores","status":"publish","type":"post","link":"http:\/\/desarrollo.grupomedios.com\/futbol\/futbol-internacional\/borussia-dortmund-se-prepara-vender-2-jugadores\/2018\/02","title":{"rendered":"Borussia Dortmund se prepara para vender 2 jugadores"},"content":{"rendered":"<p>El conjunto del <strong>Borussia Dortmund<\/strong> se ha caracterizado por la venta de futbolistas que se han encargado de convertir en estrellas y atractivos para el mercado europeo, as\u00ed qued\u00f3 demostrado con la venta de <strong>Pierre-Emerick Aubameyang<\/strong> y <strong>Ousmane Demb\u00e9l\u00e9<\/strong> quienes se marcharon a la <strong>Premier League<\/strong> y <strong>LaLiga<\/strong>, respectivamente gracias al talento mostrado con el equipo de la<strong> Bundesliga.<\/strong><\/p>\n<p>Ahora parece que afrontar\u00e1 otra sacudida en el plantel para este verano, pues de acuerdo a Tuttosport el <strong>AC Milan<\/strong> ya tiene como primera opci\u00f3n para renovar su plantel en el siguiente verano a<strong> Marco Reus<\/strong>, quien ha manifestado que desea salir del club para tener una \u00faltima oportunidad de tener un gran contrato y probarse en otro futbol.<\/p>\n<p style=\"text-align: center;\"><a href=\"https:\/\/www.futboltotal.com.mx\/futbol-internacional\/liga-de-espana\/fc-barcelona-podria-perder-a-samuel-umtiti\/2018\/02\">VER M\u00c1S: FC Barcelona podr\u00eda perder a Samuel Umtiti<\/a><\/p>\n<p>Ser\u00e1 en el juego de <strong>Europa League<\/strong> ante el <strong>Atalanta<\/strong> que el equipo rossonero mandar\u00e1 al\u00a0director deportivo,\u00a0<b>Massimiliano Mirabelli\u00a0<\/b>para ver al futbolista; adem\u00e1s otra raz\u00f3n importante es el reciente acuerdo entre el Milan y la marca deportiva Puma quienes habr\u00edan alentado y avivado el inter\u00e9s por el futbolista.<\/p>\n<p>Por otro lado, de acuerdo con Mundo Deportivo y medios en Inglaterra, el <strong>Manchester City<\/strong> y en espec\u00edfico <strong>Pep Guardiola<\/strong> est\u00e1n interesados en el juvenil\u00a0<b>Julian\u00a0<\/b><b>Weigl,\u00a0<\/b>quien es vislumbrado como el sustituto en el medio campo de<strong> Fernandinho<\/strong>, quien est\u00e1 por cumplir 33 a\u00f1os el pr\u00f3ximo mes de mayo.<\/p>\n<p>Adem\u00e1s Guardiola cree que el futbolista tiene un gran parecido con\u00a0<b>Sergio\u00a0<\/b><b>Busquets,\u00a0<\/b>por lo que buscar\u00eda tenerle bajos sus ordenes y pulir al futbolista alem\u00e1n de 22 a\u00f1os; se habla que ya han existido los primeros contactos entre ambos clubes y ofrecen\u00a0<strong>40 millones de euros,<\/strong> pero el club alem\u00e1n no est\u00e1 dispuesto a dejar marcharse a una de sus estrellas por muy poco dinero.<\/p>\n<p style=\"text-align: center;\"><a href=\"https:\/\/www.futboltotal.com.mx\/futbol-internacional\/concachampions\/3-mexicanos-olvidados-fueron-goleadores-concachampions\/2018\/02\">VER M\u00c1S: 3 mexicanos olvidados que fueron goleadores en Concachampions<\/a><\/p>\n<p>&nbsp;<\/p>\n","protected":false},"excerpt":{"rendered":"<p>El cuadro alem\u00e1n se estar\u00eda despidiendo de dos piezas fundamentales en su equipo para este verano <\/p>\n","protected":false},"author":159,"featured_media":518307,"comment_status":"closed","ping_status":"closed","sticky":false,"template":"","format":"standard","meta":[],"categories":[9808,3839],"tags":[1630,6047,10351,5993,6095],"_links":{"self":[{"href":"http:\/\/desarrollo.grupomedios.com\/futbol\/wp-json\/wp\/v2\/posts\/518304"}],"collection":[{"href":"http:\/\/desarrollo.grupomedios.com\/futbol\/wp-json\/wp\/v2\/posts"}],"about":[{"href":"http:\/\/desarrollo.grupomedios.com\/futbol\/wp-json\/wp\/v2\/types\/post"}],"author":[{"embeddable":true,"href":"http:\/\/desarrollo.grupomedios.com\/futbol\/wp-json\/wp\/v2\/users\/159"}],"replies":[{"embeddable":true,"href":"http:\/\/desarrollo.grupomedios.com\/futbol\/wp-json\/wp\/v2\/comments?post=518304"}],"version-history":[{"count":1,"href":"http:\/\/desarrollo.grupomedios.com\/futbol\/wp-json\/wp\/v2\/posts\/518304\/revisions"}],"predecessor-version":[{"id":518308,"href":"http:\/\/desarrollo.grupomedios.com\/futbol\/wp-json\/wp\/v2\/posts\/518304\/revisions\/518308"}],"wp:featuredmedia":[{"embeddable":true,"href":"http:\/\/desarrollo.grupomedios.com\/futbol\/wp-json\/wp\/v2\/media\/518307"}],"wp:attachment":[{"href":"http:\/\/desarrollo.grupomedios.com\/futbol\/wp-json\/wp\/v2\/media?parent=518304"}],"wp:term":[{"taxonomy":"category","embeddable":true,"href":"http:\/\/desarrollo.grupomedios.com\/futbol\/wp-json\/wp\/v2\/categories?post=518304"},{"taxonomy":"post_tag","embeddable":true,"href":"http:\/\/desarrollo.grupomedios.com\/futbol\/wp-json\/wp\/v2\/tags?post=518304"}],"curies":[{"name":"wp","href":"https:\/\/api.w.org\/{rel}","templated":true}]}}