{"id":518311,"date":"2018-02-20T12:44:20","date_gmt":"2018-02-20T18:44:20","guid":{"rendered":"https:\/\/www.futboltotal.com.mx\/?p=518311"},"modified":"2018-02-20T12:47:30","modified_gmt":"2018-02-20T18:47:30","slug":"tango-league-anuncia-su-version-femenil-en-mexico","status":"publish","type":"post","link":"http:\/\/desarrollo.grupomedios.com\/futbol\/uncategorized\/tango-league-anuncia-su-version-femenil-en-mexico\/2018\/02","title":{"rendered":"Tango League anuncia su versi\u00f3n femenil en M\u00e9xico"},"content":{"rendered":"<p>El pasado s\u00e1bado 17 de febrero, <mark><strong>Adidas<\/strong> nos present\u00f3 este primer <strong><em>Tango League<\/em> <\/strong>del 2018<\/mark> y nuevamente disfrutamos de interesantes juegos en las canchas enjauladas de una bodega en plena Colonia Atlampa.<\/p>\n<p>Con los relatos de <strong>Fernando Palomo,<\/strong> las semifinales y finales del torneo fueron verdaderamente apasionantes y finalmente <mark>el equipo de <strong>Vacas Club<\/strong> se coron\u00f3 como el mejor de esta edici\u00f3n.<\/mark><\/p>\n<p><img decoding=\"async\" loading=\"lazy\" class=\"wp-image-518329 aligncenter\" src=\"https:\/\/www.futboltotal.com.mx\/wp-content\/uploads\/2018\/02\/tango1.jpg\" alt=\"Tango League anuncia su versi\u00f3n femenil en M\u00e9xico 0\" srcset=\"http:\/\/desarrollo.grupomedios.com\/futbol\/wp-content\/uploads\/2018\/02\/tango1.jpg 1000w, http:\/\/desarrollo.grupomedios.com\/futbol\/wp-content\/uploads\/2018\/02\/tango1-300x200.jpg 300w, http:\/\/desarrollo.grupomedios.com\/futbol\/wp-content\/uploads\/2018\/02\/tango1-768x512.jpg 768w\" sizes=\"(max-width: 684px) 100vw, 684px\" \/><\/p>\n<p>Pero sin dudas y lo m\u00e1s importante de esta jornada, fue el anuncio por parte de los responsables de marca. <strong>Adidas<\/strong> impulsa el f\u00fatbol femenil en nuestro pa\u00eds desde hace un tiempo y con varias acciones, <mark>y esta vez se confirm\u00f3 la primera edici\u00f3n del <strong><em>Tango League Femenil<\/em><\/strong> en M\u00e9xico agendada para el pr\u00f3ximo mes de Junio.<\/mark>\u00a0Como una &#8220;probadita&#8221; de lo que viviremos en un par de meses, tuvimos un gran partido de exhibici\u00f3n donde el equipo de<strong> S\u00faper Cocina<\/strong> venci\u00f3 a <strong>Mikos FC<\/strong> por una goleada de 4-1.<\/p>\n<p><img decoding=\"async\" loading=\"lazy\" class=\"wp-image-518334 aligncenter\" src=\"https:\/\/www.futboltotal.com.mx\/wp-content\/uploads\/2018\/02\/tango2.jpg\" alt=\"Tango League anuncia su versi\u00f3n femenil en M\u00e9xico 1\" srcset=\"http:\/\/desarrollo.grupomedios.com\/futbol\/wp-content\/uploads\/2018\/02\/tango2.jpg 1000w, http:\/\/desarrollo.grupomedios.com\/futbol\/wp-content\/uploads\/2018\/02\/tango2-300x200.jpg 300w, http:\/\/desarrollo.grupomedios.com\/futbol\/wp-content\/uploads\/2018\/02\/tango2-768x511.jpg 768w\" sizes=\"(max-width: 700px) 100vw, 700px\" \/><\/p>\n<p>Adem\u00e1s, el juego cont\u00f3 con la importante presencia de la actual capitana de <strong>Pumas Femenil, Deneva Cagigas,<\/strong> quien acompa\u00f1\u00f3 a las jugadoras y pudo ver el gran talento de las mismas. <em>&#8220;Estoy impresionada y sorprendida de como sigue creciendo el f\u00fatbol femenil y se les de este tipo de oportunidades a las mujeres, al igual que a los hombres&#8221;,<\/em>\u00a0coment\u00f3 la defensora de la UNAM. <em>&#8220;Todas las que formamos parte de la Liga Femenil MX estamos felices de vivir este sue\u00f1o, y no nos esper\u00e1bamos esta respuesta de la afici\u00f3n. Est\u00e1 en nosotras seguir luchando y dando lo mejor para que esto siga&#8221;,<\/em> dijo con orgullo.<\/p>\n<div id=\"attachment_518339\" style=\"width: 692px\" class=\"wp-caption aligncenter\"><img aria-describedby=\"caption-attachment-518339\" decoding=\"async\" loading=\"lazy\" class=\"wp-image-518339\" src=\"https:\/\/www.futboltotal.com.mx\/wp-content\/uploads\/2018\/02\/deneva.jpg\" alt=\"Tango League anuncia su versi\u00f3n femenil en M\u00e9xico 2\" srcset=\"http:\/\/desarrollo.grupomedios.com\/futbol\/wp-content\/uploads\/2018\/02\/deneva.jpg 1000w, http:\/\/desarrollo.grupomedios.com\/futbol\/wp-content\/uploads\/2018\/02\/deneva-300x225.jpg 300w, http:\/\/desarrollo.grupomedios.com\/futbol\/wp-content\/uploads\/2018\/02\/deneva-768x576.jpg 768w\" sizes=\"(max-width: 682px) 100vw, 682px\" \/><p id=\"caption-attachment-518339\" class=\"wp-caption-text\">Deneva Cagigas, defensora y capitana del equipo femenil de Pumas UNAM.<\/p><\/div>\n<p>As\u00ed fue la jornada de este primer <em><strong>Tango League<\/strong><\/em> del a\u00f1o, donde tuvimos retas, jugadas y hasta un muy buen freestyle.<\/p>\n<blockquote class=\"instagram-media\" style=\"background: #FFF; border: 0; border-radius: 3px; box-shadow: 0 0 1px 0 rgba(0,0,0,0.5),0 1px 10px 0 rgba(0,0,0,0.15); margin: 1px; max-width: 658px; padding: 0; width: calc(100% - 2px);\" data-instgrm-captioned=\"\" data-instgrm-permalink=\"https:\/\/www.instagram.com\/p\/BfUTM6jnY1L\/\" data-instgrm-version=\"8\">\n<div style=\"padding: 8px;\">\n<div style=\"background: #f8f8f8; line-height: 0; margin-top: 40px; padding: 28.125% 0px; width: 100%; text-align: center;\"><\/div>\n<p style=\"margin: 8px 0 0 0; padding: 0 4px;\"><a style=\"color: #000; font-family: Arial,sans-serif; font-size: 14px; font-style: normal; font-weight: normal; line-height: 17px; text-decoration: none; word-wrap: break-word;\" href=\"https:\/\/www.instagram.com\/p\/BfUTM6jnY1L\/\" target=\"_blank\" rel=\"noopener\">Entre juego y juego de la #TangoLeague&#8230; \u00a1Se arm\u00f3 la cascarita, se\u00f1ores! \u26bd\ufe0f&#x1f44f; @adidasmx<\/a><\/p>\n<p style=\"color: #c9c8cd; font-family: Arial,sans-serif; font-size: 14px; line-height: 17px; margin-bottom: 0; margin-top: 8px; overflow: hidden; padding: 8px 0 7px; text-align: center; text-overflow: ellipsis; white-space: nowrap;\">Una publicaci\u00f3n compartida de <a style=\"color: #c9c8cd; font-family: Arial,sans-serif; font-size: 14px; font-style: normal; font-weight: normal; line-height: 17px;\" href=\"https:\/\/www.instagram.com\/revista_futboltotal\/\" target=\"_blank\" rel=\"noopener\"> Futbol Total<\/a> (@revista_futboltotal) el <time style=\"font-family: Arial,sans-serif; font-size: 14px; line-height: 17px;\" datetime=\"2018-02-18T00:03:13+00:00\">Feb 17, 2018 at 4:03 PST<\/time><\/p>\n<\/div>\n<\/blockquote>\n<p><script async defer src=\"\/\/www.instagram.com\/embed.js\"><\/script><\/p>\n<p><mark>Nos veremos nuevamente en Junio,<\/mark> donde <strong>Adidas<\/strong> reunir\u00e1 a las chicas que se encargar\u00e1n de demostrar de qu\u00e9 est\u00e1n hechas.<\/p>\n<p><img decoding=\"async\" loading=\"lazy\" class=\"aligncenter wp-image-518341\" src=\"https:\/\/www.futboltotal.com.mx\/wp-content\/uploads\/2018\/02\/tango4.jpg\" alt=\"Tango League anuncia su versi\u00f3n femenil en M\u00e9xico 3\" srcset=\"http:\/\/desarrollo.grupomedios.com\/futbol\/wp-content\/uploads\/2018\/02\/tango4.jpg 1000w, http:\/\/desarrollo.grupomedios.com\/futbol\/wp-content\/uploads\/2018\/02\/tango4-300x211.jpg 300w, http:\/\/desarrollo.grupomedios.com\/futbol\/wp-content\/uploads\/2018\/02\/tango4-768x541.jpg 768w\" sizes=\"(max-width: 689px) 100vw, 689px\" \/><\/p>\n<p><img decoding=\"async\" loading=\"lazy\" class=\"wp-image-518342 aligncenter\" src=\"https:\/\/www.futboltotal.com.mx\/wp-content\/uploads\/2018\/02\/tango5.jpg\" alt=\"Tango League anuncia su versi\u00f3n femenil en M\u00e9xico 4\" srcset=\"http:\/\/desarrollo.grupomedios.com\/futbol\/wp-content\/uploads\/2018\/02\/tango5.jpg 1000w, http:\/\/desarrollo.grupomedios.com\/futbol\/wp-content\/uploads\/2018\/02\/tango5-300x200.jpg 300w, http:\/\/desarrollo.grupomedios.com\/futbol\/wp-content\/uploads\/2018\/02\/tango5-768x512.jpg 768w\" sizes=\"(max-width: 693px) 100vw, 693px\" \/><\/p>\n","protected":false},"excerpt":{"rendered":"<p>Adidas anunci\u00f3 que ellas tambi\u00e9n disputar\u00e1n el torneo&#8230; \u00a1Aqu\u00ed los detalles! <\/p>\n","protected":false},"author":165,"featured_media":518335,"comment_status":"closed","ping_status":"closed","sticky":false,"template":"","format":"standard","meta":[],"categories":[5419,1],"tags":[1560,11836,11835,10183,4436,11834,9494],"_links":{"self":[{"href":"http:\/\/desarrollo.grupomedios.com\/futbol\/wp-json\/wp\/v2\/posts\/518311"}],"collection":[{"href":"http:\/\/desarrollo.grupomedios.com\/futbol\/wp-json\/wp\/v2\/posts"}],"about":[{"href":"http:\/\/desarrollo.grupomedios.com\/futbol\/wp-json\/wp\/v2\/types\/post"}],"author":[{"embeddable":true,"href":"http:\/\/desarrollo.grupomedios.com\/futbol\/wp-json\/wp\/v2\/users\/165"}],"replies":[{"embeddable":true,"href":"http:\/\/desarrollo.grupomedios.com\/futbol\/wp-json\/wp\/v2\/comments?post=518311"}],"version-history":[{"count":6,"href":"http:\/\/desarrollo.grupomedios.com\/futbol\/wp-json\/wp\/v2\/posts\/518311\/revisions"}],"predecessor-version":[{"id":518347,"href":"http:\/\/desarrollo.grupomedios.com\/futbol\/wp-json\/wp\/v2\/posts\/518311\/revisions\/518347"}],"wp:featuredmedia":[{"embeddable":true,"href":"http:\/\/desarrollo.grupomedios.com\/futbol\/wp-json\/wp\/v2\/media\/518335"}],"wp:attachment":[{"href":"http:\/\/desarrollo.grupomedios.com\/futbol\/wp-json\/wp\/v2\/media?parent=518311"}],"wp:term":[{"taxonomy":"category","embeddable":true,"href":"http:\/\/desarrollo.grupomedios.com\/futbol\/wp-json\/wp\/v2\/categories?post=518311"},{"taxonomy":"post_tag","embeddable":true,"href":"http:\/\/desarrollo.grupomedios.com\/futbol\/wp-json\/wp\/v2\/tags?post=518311"}],"curies":[{"name":"wp","href":"https:\/\/api.w.org\/{rel}","templated":true}]}}