{"id":518317,"date":"2018-02-20T11:18:50","date_gmt":"2018-02-20T17:18:50","guid":{"rendered":"https:\/\/www.futboltotal.com.mx\/?p=518317"},"modified":"2018-02-20T11:18:50","modified_gmt":"2018-02-20T17:18:50","slug":"las-10-promesas-del-futbol-mayor-en-europa","status":"publish","type":"post","link":"http:\/\/desarrollo.grupomedios.com\/futbol\/futbol-internacional\/las-10-promesas-del-futbol-mayor-en-europa\/2018\/02","title":{"rendered":"Las 10 promesas del futbol con mayor futuro en Europa"},"content":{"rendered":"<p>El futbol cada vez se destaca por tener talentos m\u00e1s j\u00f3venes cada a\u00f1o que pasa y los grandes clubes de Europa, convirti\u00e9ndose en los grandes objetivos que mueven mucho dinero dentro del mercado, ahora el <strong>Centro Internacional de Estudios del Deporte<\/strong> (CIES) de Neuchatelha en Suiza, lanzado una lista con los 50 mejores futbolistas j\u00f3venes del panorama internacional. La mayor\u00eda de estos jugadores ya se han ganado un lugar en el panorama internacional.<\/p>\n<p>Cabe se\u00f1alar\u00a0que CIES ha analizado a los futbolistas sub 20 de las 22 ligas m\u00e1s importantes de Europa; por ello no est\u00e1n contempladas las joyas sudamericanas. Aqu\u00ed el top 10:<\/p>\n<p style=\"text-align: center;\"><a href=\"https:\/\/www.futboltotal.com.mx\/futbol-mexicano\/liga-mx\/alfredo-tena-rechaza-oferta-dirigir-en-egipto\/2018\/02\">VER M\u00c1S: Alfredo Tena rechaza oferta para dirigir en Egipto<\/a><\/p>\n<h2>1. Gianluigi Donnaruma (1999, AC Milan)<\/h2>\n<p><img decoding=\"async\" loading=\"lazy\" class=\"aligncenter size-full wp-image-518318\" src=\"https:\/\/www.futboltotal.com.mx\/wp-content\/uploads\/2018\/02\/donnarumma-2018.jpg\" alt=\"Las 10 promesas del futbol con mayor futuro en Europa 0\" srcset=\"http:\/\/desarrollo.grupomedios.com\/futbol\/wp-content\/uploads\/2018\/02\/donnarumma-2018.jpg 890w, http:\/\/desarrollo.grupomedios.com\/futbol\/wp-content\/uploads\/2018\/02\/donnarumma-2018-300x200.jpg 300w, http:\/\/desarrollo.grupomedios.com\/futbol\/wp-content\/uploads\/2018\/02\/donnarumma-2018-768x512.jpg 768w\" sizes=\"(max-width: 890px) 100vw, 890px\" \/><\/p>\n<h2>2. Alban Lafont (1999, Toulouse)<\/h2>\n<p><img decoding=\"async\" loading=\"lazy\" class=\"aligncenter size-full wp-image-518319\" src=\"https:\/\/www.futboltotal.com.mx\/wp-content\/uploads\/2018\/02\/alban-lafont.jpg\" alt=\"Las 10 promesas del futbol con mayor futuro en Europa 1\" srcset=\"http:\/\/desarrollo.grupomedios.com\/futbol\/wp-content\/uploads\/2018\/02\/alban-lafont.jpg 960w, http:\/\/desarrollo.grupomedios.com\/futbol\/wp-content\/uploads\/2018\/02\/alban-lafont-300x200.jpg 300w, http:\/\/desarrollo.grupomedios.com\/futbol\/wp-content\/uploads\/2018\/02\/alban-lafont-768x512.jpg 768w\" sizes=\"(max-width: 960px) 100vw, 960px\" \/><\/p>\n<h2>3. Kylian Mbapp\u00e9 (1998, PSG)<\/h2>\n<p><img decoding=\"async\" loading=\"lazy\" class=\"aligncenter size-full wp-image-518320\" src=\"https:\/\/www.futboltotal.com.mx\/wp-content\/uploads\/2018\/02\/Kylian-Mbappe\u0301-2018.jpg\" alt=\"Las 10 promesas del futbol con mayor futuro en Europa 2\" srcset=\"http:\/\/desarrollo.grupomedios.com\/futbol\/wp-content\/uploads\/2018\/02\/Kylian-Mbappe\u0301-2018.jpg 800w, http:\/\/desarrollo.grupomedios.com\/futbol\/wp-content\/uploads\/2018\/02\/Kylian-Mbappe\u0301-2018-300x169.jpg 300w, http:\/\/desarrollo.grupomedios.com\/futbol\/wp-content\/uploads\/2018\/02\/Kylian-Mbappe\u0301-2018-768x432.jpg 768w, http:\/\/desarrollo.grupomedios.com\/futbol\/wp-content\/uploads\/2018\/02\/Kylian-Mbappe\u0301-2018-393x221.jpg 393w\" sizes=\"(max-width: 800px) 100vw, 800px\" \/><\/p>\n<h2><br class=\"autobr\" \/>4. Christian Pulisic (1998, Borussia Dortmund)<\/h2>\n<h2><img decoding=\"async\" loading=\"lazy\" class=\"aligncenter size-full wp-image-501850\" src=\"https:\/\/www.futboltotal.com.mx\/wp-content\/uploads\/2017\/09\/pulisic-bvb.jpg\" alt=\"Las 10 promesas del futbol con mayor futuro en Europa 3\" srcset=\"http:\/\/desarrollo.grupomedios.com\/futbol\/wp-content\/uploads\/2017\/09\/pulisic-bvb.jpg 1136w, http:\/\/desarrollo.grupomedios.com\/futbol\/wp-content\/uploads\/2017\/09\/pulisic-bvb-300x169.jpg 300w, http:\/\/desarrollo.grupomedios.com\/futbol\/wp-content\/uploads\/2017\/09\/pulisic-bvb-768x432.jpg 768w, http:\/\/desarrollo.grupomedios.com\/futbol\/wp-content\/uploads\/2017\/09\/pulisic-bvb-1024x576.jpg 1024w, http:\/\/desarrollo.grupomedios.com\/futbol\/wp-content\/uploads\/2017\/09\/pulisic-bvb-393x221.jpg 393w\" sizes=\"(max-width: 1136px) 100vw, 1136px\" \/><\/h2>\n<h2><br class=\"autobr\" \/>5. Malang Sarr (1999, Niza)<\/h2>\n<p><img decoding=\"async\" loading=\"lazy\" class=\"aligncenter size-full wp-image-518321\" src=\"https:\/\/www.futboltotal.com.mx\/wp-content\/uploads\/2018\/02\/malang-sarr.jpg\" alt=\"Las 10 promesas del futbol con mayor futuro en Europa 4\" srcset=\"http:\/\/desarrollo.grupomedios.com\/futbol\/wp-content\/uploads\/2018\/02\/malang-sarr.jpg 1200w, http:\/\/desarrollo.grupomedios.com\/futbol\/wp-content\/uploads\/2018\/02\/malang-sarr-300x198.jpg 300w, http:\/\/desarrollo.grupomedios.com\/futbol\/wp-content\/uploads\/2018\/02\/malang-sarr-768x508.jpg 768w, http:\/\/desarrollo.grupomedios.com\/futbol\/wp-content\/uploads\/2018\/02\/malang-sarr-1024x677.jpg 1024w\" sizes=\"(max-width: 1200px) 100vw, 1200px\" \/><\/p>\n<p style=\"text-align: center;\"><a href=\"https:\/\/www.futboltotal.com.mx\/futbol-internacional\/concachampions\/3-mexicanos-olvidados-fueron-goleadores-concachampions\/2018\/02\">VER M\u00c1S: 3 mexicanos olvidados que fueron goleadores en Concachampions<\/a><\/p>\n<h2><br class=\"autobr\" \/>6. Dayot Upamecano (1998, Alemania)<\/h2>\n<h2><img decoding=\"async\" loading=\"lazy\" class=\"aligncenter size-full wp-image-518322\" src=\"https:\/\/www.futboltotal.com.mx\/wp-content\/uploads\/2018\/02\/Dayot-Upamecano.jpg\" alt=\"Las 10 promesas del futbol con mayor futuro en Europa 5\" srcset=\"http:\/\/desarrollo.grupomedios.com\/futbol\/wp-content\/uploads\/2018\/02\/Dayot-Upamecano.jpg 960w, http:\/\/desarrollo.grupomedios.com\/futbol\/wp-content\/uploads\/2018\/02\/Dayot-Upamecano-300x203.jpg 300w, http:\/\/desarrollo.grupomedios.com\/futbol\/wp-content\/uploads\/2018\/02\/Dayot-Upamecano-768x518.jpg 768w\" sizes=\"(max-width: 960px) 100vw, 960px\" \/><br class=\"autobr\" \/>7. Tom Davies (1998, Everton)<\/h2>\n<h2><img decoding=\"async\" loading=\"lazy\" class=\"aligncenter size-full wp-image-518323\" src=\"https:\/\/www.futboltotal.com.mx\/wp-content\/uploads\/2018\/02\/Tom-Davies.jpg\" alt=\"Las 10 promesas del futbol con mayor futuro en Europa 6\" srcset=\"http:\/\/desarrollo.grupomedios.com\/futbol\/wp-content\/uploads\/2018\/02\/Tom-Davies.jpg 640w, http:\/\/desarrollo.grupomedios.com\/futbol\/wp-content\/uploads\/2018\/02\/Tom-Davies-300x225.jpg 300w\" sizes=\"(max-width: 640px) 100vw, 640px\" \/><br class=\"autobr\" \/>8. Matthijs de Ligt (1999, Ajax)<\/h2>\n<h2><img decoding=\"async\" loading=\"lazy\" class=\"aligncenter size-full wp-image-518324\" src=\"https:\/\/www.futboltotal.com.mx\/wp-content\/uploads\/2018\/02\/Matthijs-de-Ligt.jpg\" alt=\"Las 10 promesas del futbol con mayor futuro en Europa 7\" srcset=\"http:\/\/desarrollo.grupomedios.com\/futbol\/wp-content\/uploads\/2018\/02\/Matthijs-de-Ligt.jpg 1152w, http:\/\/desarrollo.grupomedios.com\/futbol\/wp-content\/uploads\/2018\/02\/Matthijs-de-Ligt-300x200.jpg 300w, http:\/\/desarrollo.grupomedios.com\/futbol\/wp-content\/uploads\/2018\/02\/Matthijs-de-Ligt-768x512.jpg 768w, http:\/\/desarrollo.grupomedios.com\/futbol\/wp-content\/uploads\/2018\/02\/Matthijs-de-Ligt-1024x683.jpg 1024w\" sizes=\"(max-width: 1152px) 100vw, 1152px\" \/><br class=\"autobr\" \/>9. Kai Havertz (1999, Bayer Leverkusen)<\/h2>\n<h2><img decoding=\"async\" loading=\"lazy\" class=\"aligncenter size-full wp-image-518325\" src=\"https:\/\/www.futboltotal.com.mx\/wp-content\/uploads\/2018\/02\/Kai-Havertz.jpg\" alt=\"Las 10 promesas del futbol con mayor futuro en Europa 8\" srcset=\"http:\/\/desarrollo.grupomedios.com\/futbol\/wp-content\/uploads\/2018\/02\/Kai-Havertz.jpg 1024w, http:\/\/desarrollo.grupomedios.com\/futbol\/wp-content\/uploads\/2018\/02\/Kai-Havertz-300x225.jpg 300w, http:\/\/desarrollo.grupomedios.com\/futbol\/wp-content\/uploads\/2018\/02\/Kai-Havertz-768x576.jpg 768w\" sizes=\"(max-width: 1024px) 100vw, 1024px\" \/><br class=\"autobr\" \/>10. Ryan Sessegnon (2000, Fulham)<\/h2>\n<p><img decoding=\"async\" loading=\"lazy\" class=\"aligncenter size-full wp-image-518326\" src=\"https:\/\/www.futboltotal.com.mx\/wp-content\/uploads\/2018\/02\/Ryan-Sessegnon.jpg\" alt=\"Las 10 promesas del futbol con mayor futuro en Europa 9\" srcset=\"http:\/\/desarrollo.grupomedios.com\/futbol\/wp-content\/uploads\/2018\/02\/Ryan-Sessegnon.jpg 1024w, http:\/\/desarrollo.grupomedios.com\/futbol\/wp-content\/uploads\/2018\/02\/Ryan-Sessegnon-300x200.jpg 300w, http:\/\/desarrollo.grupomedios.com\/futbol\/wp-content\/uploads\/2018\/02\/Ryan-Sessegnon-768x513.jpg 768w\" sizes=\"(max-width: 1024px) 100vw, 1024px\" \/><\/p>\n<p>Aqu\u00ed el resto de la lista:<\/p>\n<div class=\"line article-text\">\n<p>11. Kelvin Amian (1998, Toulouse)<br class=\"autobr\" \/>12. Panagiotis Retsos (1998, Bayer Leverkusen)<br class=\"autobr\" \/>13. Manuel Locatelli (1998, AC Milan)<br class=\"autobr\" \/>14. Ismaila Sarr (1998, Rennes)<br class=\"autobr\" \/>15. Giovanni Troup\u00e9e (1998, Utrecht)<br class=\"autobr\" \/>16. Justin Kluivert (1999, Ajax)<br class=\"autobr\" \/>17. Samuel Kalu (1998, Gent)<br class=\"autobr\" \/>18. Jan Bamert (1998, Sion)<br class=\"autobr\" \/>19. Jordan Lotomba (1998, Young Boys)<br class=\"autobr\" \/>20. Ronaldo Vieira (1998, Leeds)<br class=\"autobr\" \/>21. Houssen Aouar (1998, Olympique de Lyon)<br class=\"autobr\" \/>22. Rick van Drongelen (1998, Hamburgo)<br class=\"autobr\" \/>23. Justin Hoogma (1998, Hoffenheim)<br class=\"autobr\" \/>24. Sander Berge (1998, Genk)<br class=\"autobr\" \/>25. Sofiane Alakouch (1998, Nimes)<br class=\"autobr\" \/>26. Rona\u00ebl Pierre-Gabriel (1998, St-Etienne)<br class=\"autobr\" \/>27. Carlos Ale\u00e1 (1998, FC Barcelona)<br class=\"autobr\" \/>28. Martin \u00d6degaard (1998, Heerenveen)<br class=\"autobr\" \/>29. C\u00e9dric Zesiger (1998, Grasshoppers)<br class=\"autobr\" \/>30. Dennis Geiger (1998, Hoffenheim)<br class=\"autobr\" \/>31. Giulio Maggiore (1998, Spezia)<br class=\"autobr\" \/>32. Timothy Fosu-Mensah (1998, Crystal Palace)<br class=\"autobr\" \/>33. Federico Valverde (1998, Deportivo de la Coru\u00f1a)<br class=\"autobr\" \/>34. Victor Nelsson (1998, Nordsjaelland)<br class=\"autobr\" \/>35. Carel Eiting (1998, Ajax)<br class=\"autobr\" \/>36. Douglas Luiz (1998, Girona)<br class=\"autobr\" \/>37. Sherel Floranus (1998, Sparta Rotterdam)<br class=\"autobr\" \/>38. \u00c1lex Pozo (1999, Sevilla Atl\u00e9tico)<br class=\"autobr\" \/>39. Yann Karamoh (1998, Inter de Mil\u00e1n)<br class=\"autobr\" \/>40. Marco Varnier (1998, Cittadella)<br class=\"autobr\" \/>41. Trent Alexander-Arnold (1998, Liverpool)<br class=\"autobr\" \/>42. Dario Maresic (199, Sturm Graz)<br class=\"autobr\" \/>43. Amadou Haidara (1998, Salzburgo)<br class=\"autobr\" \/>44. Henry Medarious (1998, Vit\u00f3ria Guimaraes)<br class=\"autobr\" \/>45. Josip Brekalo (1998, Stuttgart)<br class=\"autobr\" \/>46. Kevin Danso (1998, Augsburgo)<br class=\"autobr\" \/>47. Berkay Ozcan (1998, Stuttgart)<br class=\"autobr\" \/>48. Achraf Hakimi (1998, Real Madrid)<br class=\"autobr\" \/>49. Manu Garc\u00eda (1998, NAC Breda)<br class=\"autobr\" \/>50. Eray C\u00fcmart (1998, Sion)<\/p>\n<p style=\"text-align: center;\"><a href=\"https:\/\/www.futboltotal.com.mx\/futbol-internacional\/bundesliga\/borussia-dortmund-se-prepara-vender-2-jugadores\/2018\/02\">VER M\u00c1S: Borussia Dortmund se prepara para vender 2 jugadores<\/a><\/p>\n<\/div>\n<div class=\"line mts mbs\"><\/div>\n","protected":false},"excerpt":{"rendered":"<p>Estos futbolistas pintan para Cracks en el Viejo Continente y son apenas uno j\u00f3venes en ciernes<\/p>\n","protected":false},"author":159,"featured_media":518327,"comment_status":"closed","ping_status":"closed","sticky":false,"template":"","format":"standard","meta":[],"categories":[3839],"tags":[8065,6214,11832,8525,6470],"_links":{"self":[{"href":"http:\/\/desarrollo.grupomedios.com\/futbol\/wp-json\/wp\/v2\/posts\/518317"}],"collection":[{"href":"http:\/\/desarrollo.grupomedios.com\/futbol\/wp-json\/wp\/v2\/posts"}],"about":[{"href":"http:\/\/desarrollo.grupomedios.com\/futbol\/wp-json\/wp\/v2\/types\/post"}],"author":[{"embeddable":true,"href":"http:\/\/desarrollo.grupomedios.com\/futbol\/wp-json\/wp\/v2\/users\/159"}],"replies":[{"embeddable":true,"href":"http:\/\/desarrollo.grupomedios.com\/futbol\/wp-json\/wp\/v2\/comments?post=518317"}],"version-history":[{"count":1,"href":"http:\/\/desarrollo.grupomedios.com\/futbol\/wp-json\/wp\/v2\/posts\/518317\/revisions"}],"predecessor-version":[{"id":518328,"href":"http:\/\/desarrollo.grupomedios.com\/futbol\/wp-json\/wp\/v2\/posts\/518317\/revisions\/518328"}],"wp:featuredmedia":[{"embeddable":true,"href":"http:\/\/desarrollo.grupomedios.com\/futbol\/wp-json\/wp\/v2\/media\/518327"}],"wp:attachment":[{"href":"http:\/\/desarrollo.grupomedios.com\/futbol\/wp-json\/wp\/v2\/media?parent=518317"}],"wp:term":[{"taxonomy":"category","embeddable":true,"href":"http:\/\/desarrollo.grupomedios.com\/futbol\/wp-json\/wp\/v2\/categories?post=518317"},{"taxonomy":"post_tag","embeddable":true,"href":"http:\/\/desarrollo.grupomedios.com\/futbol\/wp-json\/wp\/v2\/tags?post=518317"}],"curies":[{"name":"wp","href":"https:\/\/api.w.org\/{rel}","templated":true}]}}