{"id":518400,"date":"2018-02-20T18:20:12","date_gmt":"2018-02-21T00:20:12","guid":{"rendered":"https:\/\/www.futboltotal.com.mx\/?p=518400"},"modified":"2018-02-20T18:20:12","modified_gmt":"2018-02-21T00:20:12","slug":"no-tengo-ningun-problema-con-caixinha-angel-mena","status":"publish","type":"post","link":"http:\/\/desarrollo.grupomedios.com\/futbol\/futbol-mexicano\/no-tengo-ningun-problema-con-caixinha-angel-mena\/2018\/02","title":{"rendered":"No tengo ning\u00fan problema con Caixinha: Angel Mena"},"content":{"rendered":"<p>El mediocampista de la <strong>M\u00e1quina Celeste de Cruz Azul<\/strong>, Angel Mena, declar\u00f3 que no tiene ning\u00fan problema con el entrenador portugu\u00e9s <strong>Pedro Caixinha<\/strong>, y que eso no es motivo para no ser incluido por el estratega.<\/p>\n<p>Mena habl\u00f3 para el <em>Estadio de Ecuador<\/em> y coment\u00f3 que est\u00e1 consciente que no ha vivido su mejor momento con la M\u00e1quina, y todo lo ha llevado a no ser titular e incluso a no formar parte de los jugadores de la banca.<\/p>\n<p>El ecuatoriano afirm\u00f3 que &#8220;<strong>no me siento mal por lo que mencion\u00f3 Caixinha, si la situaci\u00f3n fue enfocada hacia m\u00ed, lo tomar\u00e9 y me pondr\u00e9 a trabajar para jugar<\/strong>&#8220;.<\/p>\n<p style=\"text-align: center;\"><span style=\"color: #333399;\"><a href=\"https:\/\/www.futboltotal.com.mx\/destacado-home\/cruz-azul-vs-alebrijes-copa-mx-clausura-2018-en-vivo-minuto-a-minuto\/2018\/02\">VER M\u00c1S: <span class=\"item-title\">Cruz Azul vs Alebrijes | Copa MX Clausura 2018 | EN VIVO: Minuto a minuto<\/span><\/a><\/span><\/p>\n<p>Esto fue se\u00f1alado por el jugador cementero a las declaraciones que hiciera en d\u00edas pasados el entrenador de la M\u00e1quina sobre el hecho de que <strong>hay futbolistas que no est\u00e1n rindiendo y que no est\u00e1n corriendo al parejo de los dem\u00e1s<\/strong>.<\/p>\n<p><strong>\u00c1ngel Mena<\/strong> ha visto acci\u00f3n s\u00f3lo en cuatro partidos de liga del <strong>Torneo Clausura 2018<\/strong>, siendo el primer juego del certamen contra los Xolos de Tijuana el \u00fanico que ha disputado como titular.<\/p>\n","protected":false},"excerpt":{"rendered":"<p>El ecuatoriano s\u00f3lo ha jugado un partido como titular de liga bajo el mando de Pedro Caixinha<\/p>\n","protected":false},"author":160,"featured_media":518403,"comment_status":"closed","ping_status":"closed","sticky":false,"template":"","format":"standard","meta":[],"categories":[2198,3845],"tags":[7749,5962,1968],"_links":{"self":[{"href":"http:\/\/desarrollo.grupomedios.com\/futbol\/wp-json\/wp\/v2\/posts\/518400"}],"collection":[{"href":"http:\/\/desarrollo.grupomedios.com\/futbol\/wp-json\/wp\/v2\/posts"}],"about":[{"href":"http:\/\/desarrollo.grupomedios.com\/futbol\/wp-json\/wp\/v2\/types\/post"}],"author":[{"embeddable":true,"href":"http:\/\/desarrollo.grupomedios.com\/futbol\/wp-json\/wp\/v2\/users\/160"}],"replies":[{"embeddable":true,"href":"http:\/\/desarrollo.grupomedios.com\/futbol\/wp-json\/wp\/v2\/comments?post=518400"}],"version-history":[{"count":2,"href":"http:\/\/desarrollo.grupomedios.com\/futbol\/wp-json\/wp\/v2\/posts\/518400\/revisions"}],"predecessor-version":[{"id":518404,"href":"http:\/\/desarrollo.grupomedios.com\/futbol\/wp-json\/wp\/v2\/posts\/518400\/revisions\/518404"}],"wp:featuredmedia":[{"embeddable":true,"href":"http:\/\/desarrollo.grupomedios.com\/futbol\/wp-json\/wp\/v2\/media\/518403"}],"wp:attachment":[{"href":"http:\/\/desarrollo.grupomedios.com\/futbol\/wp-json\/wp\/v2\/media?parent=518400"}],"wp:term":[{"taxonomy":"category","embeddable":true,"href":"http:\/\/desarrollo.grupomedios.com\/futbol\/wp-json\/wp\/v2\/categories?post=518400"},{"taxonomy":"post_tag","embeddable":true,"href":"http:\/\/desarrollo.grupomedios.com\/futbol\/wp-json\/wp\/v2\/tags?post=518400"}],"curies":[{"name":"wp","href":"https:\/\/api.w.org\/{rel}","templated":true}]}}