{"id":518419,"date":"2018-02-21T08:38:11","date_gmt":"2018-02-21T14:38:11","guid":{"rendered":"https:\/\/www.futboltotal.com.mx\/?p=518419"},"modified":"2018-02-21T08:38:11","modified_gmt":"2018-02-21T14:38:11","slug":"mcgregor-calienta-a-hijo-mayweather-asegura-prefiere-seguir-retirado-a-enfrentarlo","status":"publish","type":"post","link":"http:\/\/desarrollo.grupomedios.com\/futbol\/no-todo-es-futbol\/mcgregor-calienta-a-hijo-mayweather-asegura-prefiere-seguir-retirado-a-enfrentarlo\/2018\/02","title":{"rendered":"McGregor calienta a &#8220;su hijo&#8221; Mayweather y asegur\u00e1 que prefiere seguir retirado a enfrentarlo"},"content":{"rendered":"<p>El luchador de artes marciales irland\u00e9s <strong>Conor McGregor<\/strong> dijo hoy que su &#8220;hijo&#8221;, en referencia al boxeador estadounidense <strong>Floyd Mayweather<\/strong>, abandon\u00f3 las negociaciones para una revancha.<\/p>\n<p>&#8220;Me siento orgulloso de que mi hijo (Mayewather) opte por permanecer en el retiro&#8221;, coment\u00f3 McGregor en tono de burla despu\u00e9s de que el estadounidense abandonara las conversaciones para volver a enfrentarse a \u00e9l.<\/p>\n<p>Ambos pelearon en agosto del 2017 en un combate que gener\u00f3 todo tipo de cr\u00edticas de expertos en boxeo, promotores, p\u00fagiles y aficionados, que lo consideraron como una burla y una muestra de que se enfrentaban solo por hacer negocio.<\/p>\n<p style=\"text-align: center;\"><span style=\"color: #3366ff;\"><a href=\"https:\/\/www.futboltotal.com.mx\/copa-mundial-de-futbol-2018\/noticias\/victoria-lopyreva-la-hermosa-embajadora-rusia-2018-esta-robando-las-miradas\">VER M\u00c1S: La Hermosa embajadora de Rusia 2018 que est\u00e1 robando las miradas<\/a><\/span><\/p>\n<p><mark>Mayweather (50-0, 27 KOs) derrot\u00f3 a McGregor en 10 asaltos, en el debut de este \u00faltimo en peleas de boxeo profesional tras desarrollar su carrera en las artes marciales mixtas de la <strong>UFC (Ultimate Fighting Championship)<\/strong>.<\/mark><\/p>\n<p>McGregor coment\u00f3 en Instagram que est\u00e1 &#8220;contento por Floyd y su reciente anuncio de que est\u00e1 fuera de las negociaciones para una revancha. Es la raz\u00f3n por la que nunca quise (sic) la revancha. Me alegro por su retirada&#8221;.<\/p>\n<p>Agreg\u00f3 que &#8220;<mark>mi juego es implacable. No es como otros juegos. Por eso entiendo que se quede en la retirada. Ahora continuar\u00e9 en mis negociaciones como profesional y ver\u00e9 ad\u00f3nde va \u00e9l, al que le deseo lo mejor en su retiro<\/mark>&#8220;.<\/p>\n<p>Mayweather Junior fue visto el pasado domingo en la celebraci\u00f3n de la 67 edici\u00f3n del Fin de Semana de las Estrellas que se celebr\u00f3 en <strong>Los Angeles.<\/strong><\/p>\n<p>Aunque McGregor dice estar preparado para regresar a su deporte principal, puede encontrarse sin cintur\u00f3n, ya que el campe\u00f3n interino <strong>Tony Ferguson<\/strong> y <strong>Khabib Nurmagomedov<\/strong> se enfrentar\u00e1n para la corona de peso ligero en la pr\u00f3xima velada de la <strong>UFC 223<\/strong>. EFE<\/p>\n","protected":false},"excerpt":{"rendered":"<p>La revancha no se llevar\u00e1 a cabo porque Floyd cerr\u00f3 las negociaciones.<\/p>\n","protected":false},"author":129,"featured_media":496089,"comment_status":"closed","ping_status":"closed","sticky":false,"template":"","format":"standard","meta":[],"categories":[5418,6411],"tags":[8231,5518],"_links":{"self":[{"href":"http:\/\/desarrollo.grupomedios.com\/futbol\/wp-json\/wp\/v2\/posts\/518419"}],"collection":[{"href":"http:\/\/desarrollo.grupomedios.com\/futbol\/wp-json\/wp\/v2\/posts"}],"about":[{"href":"http:\/\/desarrollo.grupomedios.com\/futbol\/wp-json\/wp\/v2\/types\/post"}],"author":[{"embeddable":true,"href":"http:\/\/desarrollo.grupomedios.com\/futbol\/wp-json\/wp\/v2\/users\/129"}],"replies":[{"embeddable":true,"href":"http:\/\/desarrollo.grupomedios.com\/futbol\/wp-json\/wp\/v2\/comments?post=518419"}],"version-history":[{"count":1,"href":"http:\/\/desarrollo.grupomedios.com\/futbol\/wp-json\/wp\/v2\/posts\/518419\/revisions"}],"predecessor-version":[{"id":518421,"href":"http:\/\/desarrollo.grupomedios.com\/futbol\/wp-json\/wp\/v2\/posts\/518419\/revisions\/518421"}],"wp:featuredmedia":[{"embeddable":true,"href":"http:\/\/desarrollo.grupomedios.com\/futbol\/wp-json\/wp\/v2\/media\/496089"}],"wp:attachment":[{"href":"http:\/\/desarrollo.grupomedios.com\/futbol\/wp-json\/wp\/v2\/media?parent=518419"}],"wp:term":[{"taxonomy":"category","embeddable":true,"href":"http:\/\/desarrollo.grupomedios.com\/futbol\/wp-json\/wp\/v2\/categories?post=518419"},{"taxonomy":"post_tag","embeddable":true,"href":"http:\/\/desarrollo.grupomedios.com\/futbol\/wp-json\/wp\/v2\/tags?post=518419"}],"curies":[{"name":"wp","href":"https:\/\/api.w.org\/{rel}","templated":true}]}}