{"id":518424,"date":"2018-02-21T09:14:05","date_gmt":"2018-02-21T15:14:05","guid":{"rendered":"https:\/\/www.futboltotal.com.mx\/?p=518424"},"modified":"2018-02-21T09:14:05","modified_gmt":"2018-02-21T15:14:05","slug":"asi-sera-uniforme-del-real-madrid-2018-2019","status":"publish","type":"post","link":"http:\/\/desarrollo.grupomedios.com\/futbol\/futbol-internacional\/asi-sera-uniforme-del-real-madrid-2018-2019\/2018\/02","title":{"rendered":"As\u00ed ser\u00e1 el uniforme del Real Madrid para 2018-2019"},"content":{"rendered":"<p>La temporada actual sigue en\u00a0 curso pero las indumentarias para el siguiente a\u00f1o contin\u00faan saliendo a la luz, sobre todo bas\u00e1ndose en las que ha dejado ver adidas para los equipos de la <strong>Copa del Mundo de Rusia 2018<\/strong>; la p\u00e1gina web Footy Headlines dej\u00f3 ver que el jersey del <strong>Real Madrid<\/strong> que de local ser\u00e1 blanco y tendr\u00e1\u00a0l\u00edneas de los hombros y la serigraf\u00eda ser\u00e1n de color negro, en un adelanto que se pudo ver.<\/p>\n<p>El cambio m\u00e1s llamativo es el del color negro, en el cuello y donde se hace un &#8216;pico&#8217; m\u00e1s pronunciado. Por su parte el &#8216;away&#8217; ser\u00e1 negro con la impresi\u00f3n\u00a0de las tres bandas de la marca alemana y en la parte delantera de la camiseta ser\u00e1 blanco y gris, siendo este \u00faltimo el color que llevar\u00e1 en los hombros. En esta la\u00a0serigraf\u00eda en la segunda equipaci\u00f3n pasar\u00e1 a ser blanca.<\/p>\n<p style=\"text-align: center;\"><a href=\"https:\/\/www.futboltotal.com.mx\/futbol-mexicano\/liga-mx\/descubridor-iniesta-compara-a-chofis-lopez-messi\/2018\/02\">VER M\u00c1S: Descubridor de Iniesta compara a Chofis L\u00f3pez con Messi<\/a><\/p>\n<p>&nbsp;<\/p>\n<p><img decoding=\"async\" loading=\"lazy\" class=\"aligncenter size-full wp-image-518426\" src=\"https:\/\/www.futboltotal.com.mx\/wp-content\/uploads\/2018\/02\/jersey-real-madrid-1.jpg\" alt=\"As\u00ed ser\u00e1 el uniforme del Real Madrid para 2018-2019 0\" srcset=\"http:\/\/desarrollo.grupomedios.com\/futbol\/wp-content\/uploads\/2018\/02\/jersey-real-madrid-1.jpg 457w, http:\/\/desarrollo.grupomedios.com\/futbol\/wp-content\/uploads\/2018\/02\/jersey-real-madrid-1-249x300.jpg 249w\" sizes=\"(max-width: 457px) 100vw, 457px\" \/> <img decoding=\"async\" loading=\"lazy\" class=\"aligncenter size-full wp-image-518427\" src=\"https:\/\/www.futboltotal.com.mx\/wp-content\/uploads\/2018\/02\/jersey-real-madrid-2.jpg\" alt=\"As\u00ed ser\u00e1 el uniforme del Real Madrid para 2018-2019 1\" srcset=\"http:\/\/desarrollo.grupomedios.com\/futbol\/wp-content\/uploads\/2018\/02\/jersey-real-madrid-2.jpg 457w, http:\/\/desarrollo.grupomedios.com\/futbol\/wp-content\/uploads\/2018\/02\/jersey-real-madrid-2-249x300.jpg 249w\" sizes=\"(max-width: 457px) 100vw, 457px\" \/> <img decoding=\"async\" loading=\"lazy\" class=\"aligncenter size-full wp-image-518428\" src=\"https:\/\/www.futboltotal.com.mx\/wp-content\/uploads\/2018\/02\/jersey-real-madrid-3.jpg\" alt=\"As\u00ed ser\u00e1 el uniforme del Real Madrid para 2018-2019 2\" srcset=\"http:\/\/desarrollo.grupomedios.com\/futbol\/wp-content\/uploads\/2018\/02\/jersey-real-madrid-3.jpg 550w, http:\/\/desarrollo.grupomedios.com\/futbol\/wp-content\/uploads\/2018\/02\/jersey-real-madrid-3-300x259.jpg 300w\" sizes=\"(max-width: 550px) 100vw, 550px\" \/> <img decoding=\"async\" loading=\"lazy\" class=\"aligncenter size-full wp-image-518429\" src=\"https:\/\/www.futboltotal.com.mx\/wp-content\/uploads\/2018\/02\/jersey-real-madrid.jpg\" alt=\"As\u00ed ser\u00e1 el uniforme del Real Madrid para 2018-2019 3\" srcset=\"http:\/\/desarrollo.grupomedios.com\/futbol\/wp-content\/uploads\/2018\/02\/jersey-real-madrid.jpg 572w, http:\/\/desarrollo.grupomedios.com\/futbol\/wp-content\/uploads\/2018\/02\/jersey-real-madrid-300x259.jpg 300w\" sizes=\"(max-width: 572px) 100vw, 572px\" \/><\/p>\n<p style=\"text-align: center;\"><a href=\"https:\/\/www.futboltotal.com.mx\/futbol-internacional\/liga-de-francia-futbol-internacional\/contrato-mbappe-psg-clausula-secreta\/2018\/02\">VER M\u00c1S: Contrato de Mbapp\u00e9 con PSG tiene cl\u00e1usula secreta<\/a><\/p>\n","protected":false},"excerpt":{"rendered":"<p>El cuadro merengue tendr\u00e1 una indumentaria especial en su camiseta de visitante<\/p>\n","protected":false},"author":159,"featured_media":518430,"comment_status":"closed","ping_status":"closed","sticky":false,"template":"","format":"standard","meta":[],"categories":[3839,3844],"tags":[36,253,6114,5988],"_links":{"self":[{"href":"http:\/\/desarrollo.grupomedios.com\/futbol\/wp-json\/wp\/v2\/posts\/518424"}],"collection":[{"href":"http:\/\/desarrollo.grupomedios.com\/futbol\/wp-json\/wp\/v2\/posts"}],"about":[{"href":"http:\/\/desarrollo.grupomedios.com\/futbol\/wp-json\/wp\/v2\/types\/post"}],"author":[{"embeddable":true,"href":"http:\/\/desarrollo.grupomedios.com\/futbol\/wp-json\/wp\/v2\/users\/159"}],"replies":[{"embeddable":true,"href":"http:\/\/desarrollo.grupomedios.com\/futbol\/wp-json\/wp\/v2\/comments?post=518424"}],"version-history":[{"count":1,"href":"http:\/\/desarrollo.grupomedios.com\/futbol\/wp-json\/wp\/v2\/posts\/518424\/revisions"}],"predecessor-version":[{"id":518431,"href":"http:\/\/desarrollo.grupomedios.com\/futbol\/wp-json\/wp\/v2\/posts\/518424\/revisions\/518431"}],"wp:featuredmedia":[{"embeddable":true,"href":"http:\/\/desarrollo.grupomedios.com\/futbol\/wp-json\/wp\/v2\/media\/518430"}],"wp:attachment":[{"href":"http:\/\/desarrollo.grupomedios.com\/futbol\/wp-json\/wp\/v2\/media?parent=518424"}],"wp:term":[{"taxonomy":"category","embeddable":true,"href":"http:\/\/desarrollo.grupomedios.com\/futbol\/wp-json\/wp\/v2\/categories?post=518424"},{"taxonomy":"post_tag","embeddable":true,"href":"http:\/\/desarrollo.grupomedios.com\/futbol\/wp-json\/wp\/v2\/tags?post=518424"}],"curies":[{"name":"wp","href":"https:\/\/api.w.org\/{rel}","templated":true}]}}