{"id":518436,"date":"2018-02-21T09:48:55","date_gmt":"2018-02-21T15:48:55","guid":{"rendered":"https:\/\/www.futboltotal.com.mx\/?p=518436"},"modified":"2018-02-21T09:48:55","modified_gmt":"2018-02-21T15:48:55","slug":"diego-simeone-declara-no-desea-a-fernando-torres","status":"publish","type":"post","link":"http:\/\/desarrollo.grupomedios.com\/futbol\/futbol-internacional\/diego-simeone-declara-no-desea-a-fernando-torres\/2018\/02","title":{"rendered":"Diego Simeone declara que NO desea a Fernando Torres"},"content":{"rendered":"<p>El estratega del <strong>Atl\u00e9tico de Madrid<\/strong>,\u00a0<strong>Diego Pablo Simeone<\/strong>, regal\u00f3 varias declaraciones como parte de la previa del encuentro de vuelta de\u00a0dieciseisavos de final de la <strong>Europa League<\/strong> en donde su equipo se enfrentar\u00e1 a\u00a0<strong>Copenhague<\/strong>, un duelo que parece un mero tr\u00e1mite luego del 1-4 de la ida, pero ha revelado que no luchar\u00e1 m\u00e1s por retener al delantero espa\u00f1ol, <strong>Fernando Torres<\/strong>.<\/p>\n<p>As\u00ed ha dejado caer una bomba el estratega argentino, quien ha sido cuestionado por el futuro del <strong>&#8216;Ni\u00f1o&#8217;<\/strong> en el equipo Colchonero, en donde dej\u00f3 muy en claro que no va a pelear porque el a\u00f1o que viene el atacante permanezca en el\u00a0<strong>Wanda Metropolitano,<\/strong> algo que d\u00edas antes indicara que s\u00ed buscar\u00eda con el franc\u00e9s<strong> Antoine\u00a0Griezmann.<\/strong><\/p>\n<p style=\"text-align: center;\"><a href=\"https:\/\/www.futboltotal.com.mx\/futbol-internacional\/liga-de-espana\/asi-sera-uniforme-del-real-madrid-2018-2019\/2018\/02\">VER M\u00c1S: As\u00ed ser\u00e1 el uniforme del Real Madrid para 2018-2019<\/a><\/p>\n<p>Un periodista intent\u00f3 comparar la situaci\u00f3n del franc\u00e9s con la que vive el espa\u00f1ol y las declaraciones dejaron ver que Simeone no entend\u00eda de primera instancia lo que se le estaba cuestionando.<\/p>\n<p>&#8220;Usted ha hecho todo lo posible para que Griezmann contin\u00fae en el Atl\u00e9tico, \u00bfestar\u00eda dispuesto a que se quedase Fernando Torres?&#8221;, ha preguntado la periodista. &#8220;No entiendo la comparaci\u00f3n, qu\u00e9 buscas con esa comparaci\u00f3n&#8221;, ha respondido el t\u00e9cnico. <mark>&#8220;Me gustar\u00eda saber si usted estar\u00eda dispuesto a intentar que Fernando Torres contin\u00fae un a\u00f1o m\u00e1s&#8221;, ha repetido la periodista, a lo que Simeone respondi\u00f3 de forma rotunda; &#8220;No&#8221;.<\/mark><\/p>\n<p>Por su parte, hace algunos d\u00edoas Antonio Sanz, de la agencia que representa a Fernando Torres, dijo que el &#8216;Cholo&#8217; era un t\u00e9cnico &#8220;que aburr\u00eda a las ovejas y que cambiar\u00eda ya mismo&#8221;.<\/p>\n<p style=\"text-align: center;\"><a href=\"https:\/\/www.futboltotal.com.mx\/futbol-mexicano\/liga-mx\/descubridor-iniesta-compara-a-chofis-lopez-messi\/2018\/02\">VER M\u00c1S: Descubridor de Iniesta compara a Chofis L\u00f3pez con Messi<\/a><\/p>\n","protected":false},"excerpt":{"rendered":"<p>El delantero espa\u00f1ol tendr\u00eda los d\u00edas contados con el equipo Colchonero <\/p>\n","protected":false},"author":159,"featured_media":518437,"comment_status":"closed","ping_status":"closed","sticky":false,"template":"","format":"standard","meta":[],"categories":[3839,3844],"tags":[6007,1384,253,516,6017,6114],"_links":{"self":[{"href":"http:\/\/desarrollo.grupomedios.com\/futbol\/wp-json\/wp\/v2\/posts\/518436"}],"collection":[{"href":"http:\/\/desarrollo.grupomedios.com\/futbol\/wp-json\/wp\/v2\/posts"}],"about":[{"href":"http:\/\/desarrollo.grupomedios.com\/futbol\/wp-json\/wp\/v2\/types\/post"}],"author":[{"embeddable":true,"href":"http:\/\/desarrollo.grupomedios.com\/futbol\/wp-json\/wp\/v2\/users\/159"}],"replies":[{"embeddable":true,"href":"http:\/\/desarrollo.grupomedios.com\/futbol\/wp-json\/wp\/v2\/comments?post=518436"}],"version-history":[{"count":1,"href":"http:\/\/desarrollo.grupomedios.com\/futbol\/wp-json\/wp\/v2\/posts\/518436\/revisions"}],"predecessor-version":[{"id":518438,"href":"http:\/\/desarrollo.grupomedios.com\/futbol\/wp-json\/wp\/v2\/posts\/518436\/revisions\/518438"}],"wp:featuredmedia":[{"embeddable":true,"href":"http:\/\/desarrollo.grupomedios.com\/futbol\/wp-json\/wp\/v2\/media\/518437"}],"wp:attachment":[{"href":"http:\/\/desarrollo.grupomedios.com\/futbol\/wp-json\/wp\/v2\/media?parent=518436"}],"wp:term":[{"taxonomy":"category","embeddable":true,"href":"http:\/\/desarrollo.grupomedios.com\/futbol\/wp-json\/wp\/v2\/categories?post=518436"},{"taxonomy":"post_tag","embeddable":true,"href":"http:\/\/desarrollo.grupomedios.com\/futbol\/wp-json\/wp\/v2\/tags?post=518436"}],"curies":[{"name":"wp","href":"https:\/\/api.w.org\/{rel}","templated":true}]}}