{"id":518439,"date":"2018-02-21T10:19:00","date_gmt":"2018-02-21T16:19:00","guid":{"rendered":"https:\/\/www.futboltotal.com.mx\/?p=518439"},"modified":"2018-02-21T10:19:39","modified_gmt":"2018-02-21T16:19:39","slug":"iker-casillas-sondea-equipos-la-serie-a","status":"publish","type":"post","link":"http:\/\/desarrollo.grupomedios.com\/futbol\/futbol-internacional\/iker-casillas-sondea-equipos-la-serie-a\/2018\/02","title":{"rendered":"Iker Casillas sondea equipos de la Serie A"},"content":{"rendered":"<p>El destino del arquero espa\u00f1ol, <strong>Iker Casillas<\/strong> parece estar muy lejos de Portugal, pues luego que ha sido relegado por el estratega\u00a0<strong>S\u00e9rgio Concei\u00e7\u00e3o<\/strong> al banquillo para poner en su lugar a<strong>\u00a0Jos\u00e9 S\u00e1<\/strong> en esta temporada por lo que ya est\u00e1 buscando un nuevo equipo en su horizonte para darle cierre a su carrera como profesional.<\/p>\n<p>De acuerdo con la prensa de Portugal, Iker est\u00e1 sondeando equipos de la<strong> Serie A en Italia<\/strong>, pues su representante ya est\u00e1 moviendo las fichas indicadas pues sabe que su contrato con los <strong>Dragones<\/strong> est\u00e1 por acabar en los pr\u00f3ximos meses y desea garantizar el futuro, de esa forma es que el arquero espa\u00f1ol ya est\u00e1 en contacto con equipos que le puedan dar una oportunidad bajo los tres palos en el pa\u00eds de la bota.<\/p>\n<p style=\"text-align: center;\"><a href=\"https:\/\/www.futboltotal.com.mx\/futbol-internacional\/liga-de-espana\/asi-sera-uniforme-del-real-madrid-2018-2019\/2018\/02\">VER M\u00c1S: As\u00ed ser\u00e1 el uniforme del Real Madrid para 2018-2019<\/a><\/p>\n<p>El guardameta tiene todo decidido para marcharse en el mercado de fichajes de verano luego que no decidiera por hacerlo en este invierno, pero al mantenerse el estatus de banca en el equipo, ha optado por buscar un nuevo destino, pues desde el<strong> 1 de octubre<\/strong> no era titular en un duelo de <strong>Primeira Liga<\/strong>, algo que consigui\u00f3 apenas este fin de semana ante el\u00a0<strong>Rio Ave<\/strong>\u00a0luego que el arquero titular tuviera dos errores importantes en la derrota de su equipo ante el <strong>Liverpool<\/strong> por la <strong>UEFA Champions League<\/strong>.<\/p>\n<p>El madrile\u00f1o tiene preferencia por jugar en Italia, debido a que no regresar\u00eda a su pa\u00eds para jugar con ning\u00fan otro club que no sea el Real Madrid, adem\u00e1s que siente que la <strong>Serie A<\/strong> se acomoda a sus caracter\u00edsticas y que su vida ser\u00eda m\u00e1s f\u00e1cil al estar muy cerca de Espa\u00f1a.<\/p>\n<p style=\"text-align: center;\"><a href=\"https:\/\/www.futboltotal.com.mx\/futbol-mexicano\/liga-mx\/descubridor-iniesta-compara-a-chofis-lopez-messi\/2018\/02\">VER M\u00c1S: Descubridor de Iniesta compara a Chofis L\u00f3pez con Messi<\/a><\/p>\n<p>&nbsp;<\/p>\n","protected":false},"excerpt":{"rendered":"<p>El guardameta desea salir del Porto en busca de minutos y su primer opci\u00f3n ser\u00eda marcharse a Italia<\/p>\n","protected":false},"author":159,"featured_media":512246,"comment_status":"closed","ping_status":"closed","sticky":false,"template":"","format":"standard","meta":[],"categories":[3839,3848],"tags":[6019,292,11843,5958],"_links":{"self":[{"href":"http:\/\/desarrollo.grupomedios.com\/futbol\/wp-json\/wp\/v2\/posts\/518439"}],"collection":[{"href":"http:\/\/desarrollo.grupomedios.com\/futbol\/wp-json\/wp\/v2\/posts"}],"about":[{"href":"http:\/\/desarrollo.grupomedios.com\/futbol\/wp-json\/wp\/v2\/types\/post"}],"author":[{"embeddable":true,"href":"http:\/\/desarrollo.grupomedios.com\/futbol\/wp-json\/wp\/v2\/users\/159"}],"replies":[{"embeddable":true,"href":"http:\/\/desarrollo.grupomedios.com\/futbol\/wp-json\/wp\/v2\/comments?post=518439"}],"version-history":[{"count":2,"href":"http:\/\/desarrollo.grupomedios.com\/futbol\/wp-json\/wp\/v2\/posts\/518439\/revisions"}],"predecessor-version":[{"id":518445,"href":"http:\/\/desarrollo.grupomedios.com\/futbol\/wp-json\/wp\/v2\/posts\/518439\/revisions\/518445"}],"wp:featuredmedia":[{"embeddable":true,"href":"http:\/\/desarrollo.grupomedios.com\/futbol\/wp-json\/wp\/v2\/media\/512246"}],"wp:attachment":[{"href":"http:\/\/desarrollo.grupomedios.com\/futbol\/wp-json\/wp\/v2\/media?parent=518439"}],"wp:term":[{"taxonomy":"category","embeddable":true,"href":"http:\/\/desarrollo.grupomedios.com\/futbol\/wp-json\/wp\/v2\/categories?post=518439"},{"taxonomy":"post_tag","embeddable":true,"href":"http:\/\/desarrollo.grupomedios.com\/futbol\/wp-json\/wp\/v2\/tags?post=518439"}],"curies":[{"name":"wp","href":"https:\/\/api.w.org\/{rel}","templated":true}]}}