{"id":518446,"date":"2018-02-21T10:38:24","date_gmt":"2018-02-21T16:38:24","guid":{"rendered":"https:\/\/www.futboltotal.com.mx\/?p=518446"},"modified":"2018-02-21T10:38:24","modified_gmt":"2018-02-21T16:38:24","slug":"thierry-henry-carga-contra-neymar-salir-del-fc-barcelona","status":"publish","type":"post","link":"http:\/\/desarrollo.grupomedios.com\/futbol\/futbol-internacional\/thierry-henry-carga-contra-neymar-salir-del-fc-barcelona\/2018\/02","title":{"rendered":"Thierry Henry carga contra Neymar por salir del Barcelona"},"content":{"rendered":"<p>El ex delantero del <strong>FC Barcelona y Arsenal,\u00a0Thierry Henry<\/strong> comparti\u00f3 tres temporadas los vestidores con la estrella argentina, <strong>Lionel Messi<\/strong> en las que pudo comprobar la calidad del astro rosarino, el franc\u00e9s estuvo comentando el duelo de los blaugranas ante el <strong>Chelsea<\/strong> en la retransmisi\u00f3n inglesa y sali\u00f3 a la luz el debate que existe alrededor de<strong> Neymar<\/strong>.<\/p>\n<p>El ahora comentarista fue cuestionado sobre si el &#8217;10&#8217; del <strong>Paris Saint-Germain<\/strong> podr\u00eda igualar al astro argentino, pues en el papel busc\u00f3 salir del cuadro blaugrana para tener el papel de protagonista absoluto y buscar\u00e1 ganar la <strong>UEFA Champions League<\/strong> con el equipo franc\u00e9s, algo que lo pondr\u00e1 en el mapa futbol\u00edstico a la altura del argentino y <strong>Cristiano Ronaldo<\/strong>.<\/p>\n<p style=\"text-align: center;\"><a href=\"https:\/\/www.futboltotal.com.mx\/futbol-internacional\/liga-de-italia\/iker-casillas-sondea-equipos-la-serie-a\/2018\/02\">VER M\u00c1S: Iker Casillas sondea equipos de la Serie A<\/a><\/p>\n<p>&#8220;<mark>No s\u00e9 si Neymar se fue del Barcelona para no quedarse a la sombra de Messi.\u00a0<strong>Lo que s\u00e9 es que todos los jugadores est\u00e1n a la sombra de Messi<\/strong>. Si Neymar no quiere quedarse en la sombra de Messi debe cambiar de deporte&#8221;<\/mark>, expres\u00f3 el ex atacante quien fue punzante en el comentario con el brasile\u00f1o.<\/p>\n<p>Titi ha sido uno de los defensores principales sobre el delantero argentino, quien incluso lleg\u00f3 a expresar que necesitaba tener cuidado para no quedarse viendo sus movimientos durante los entrenamientos que logr\u00f3 compartir con el futbolista, quien demuestra haberlo dejado maravillado en su paso por el FC Barcelona.<\/p>\n<p style=\"text-align: center;\"><a href=\"https:\/\/www.futboltotal.com.mx\/futbol-mexicano\/liga-mx\/los-errores-nahuel-guzman-en-tigres\/2018\/02\">VER M\u00c1S: Los errores de Nahuel Guzm\u00e1n en Tigres<\/a><\/p>\n<p>&nbsp;<\/p>\n","protected":false},"excerpt":{"rendered":"<p>El ex delantero del FC Barcelona no le perdon\u00f3 la acci\u00f3n adem\u00e1s que alab\u00f3 a Lionel Messi <\/p>\n","protected":false},"author":159,"featured_media":518449,"comment_status":"closed","ping_status":"closed","sticky":false,"template":"","format":"standard","meta":[],"categories":[3839,9609],"tags":[1083,6012,6001,1376,949],"_links":{"self":[{"href":"http:\/\/desarrollo.grupomedios.com\/futbol\/wp-json\/wp\/v2\/posts\/518446"}],"collection":[{"href":"http:\/\/desarrollo.grupomedios.com\/futbol\/wp-json\/wp\/v2\/posts"}],"about":[{"href":"http:\/\/desarrollo.grupomedios.com\/futbol\/wp-json\/wp\/v2\/types\/post"}],"author":[{"embeddable":true,"href":"http:\/\/desarrollo.grupomedios.com\/futbol\/wp-json\/wp\/v2\/users\/159"}],"replies":[{"embeddable":true,"href":"http:\/\/desarrollo.grupomedios.com\/futbol\/wp-json\/wp\/v2\/comments?post=518446"}],"version-history":[{"count":1,"href":"http:\/\/desarrollo.grupomedios.com\/futbol\/wp-json\/wp\/v2\/posts\/518446\/revisions"}],"predecessor-version":[{"id":518450,"href":"http:\/\/desarrollo.grupomedios.com\/futbol\/wp-json\/wp\/v2\/posts\/518446\/revisions\/518450"}],"wp:featuredmedia":[{"embeddable":true,"href":"http:\/\/desarrollo.grupomedios.com\/futbol\/wp-json\/wp\/v2\/media\/518449"}],"wp:attachment":[{"href":"http:\/\/desarrollo.grupomedios.com\/futbol\/wp-json\/wp\/v2\/media?parent=518446"}],"wp:term":[{"taxonomy":"category","embeddable":true,"href":"http:\/\/desarrollo.grupomedios.com\/futbol\/wp-json\/wp\/v2\/categories?post=518446"},{"taxonomy":"post_tag","embeddable":true,"href":"http:\/\/desarrollo.grupomedios.com\/futbol\/wp-json\/wp\/v2\/tags?post=518446"}],"curies":[{"name":"wp","href":"https:\/\/api.w.org\/{rel}","templated":true}]}}