{"id":518473,"date":"2018-02-21T14:10:06","date_gmt":"2018-02-21T20:10:06","guid":{"rendered":"https:\/\/www.futboltotal.com.mx\/?p=518473"},"modified":"2018-02-21T14:10:06","modified_gmt":"2018-02-21T20:10:06","slug":"andres-iniesta-elogia-a-carlos-vela-andres-guardado","status":"publish","type":"post","link":"http:\/\/desarrollo.grupomedios.com\/futbol\/futbol-mexicano\/andres-iniesta-elogia-a-carlos-vela-andres-guardado\/2018\/02","title":{"rendered":"Andr\u00e9s Iniesta elogia a Carlos Vela y Andr\u00e9s Guardado"},"content":{"rendered":"<p>El futbolista del <strong>FC Barcelona, Andr\u00e9s Iniesta<\/strong> habl\u00f3 en una entrevista sobre la actualidad que vive con los blaugranas, adem\u00e1s de lo que se viene para la <strong>Copa del Mundo de Rusia 2018,<\/strong> pero se dio tiempo para expresarse sobre los\u00a0los futbolistas mexicanos y el nivel que han mostrado, los cuales se\u00f1al\u00f3 como reflejo del futbol azteca.<\/p>\n<p>&#8220;Al futbol mexicano le tengo el m\u00e1ximo respeto. He tenido compa\u00f1eros mexicanos de equipo como <strong>Gio y Jonathan dos Santos<\/strong>; con <strong>Rafa M\u00e1rquez<\/strong> compart\u00ed cosas importantes. <mark><strong>Andr\u00e9s Guardado<\/strong>, que ya lleva muchos a\u00f1os en la Liga espa\u00f1ola, al igual que <strong>Carlos Vela<\/strong>, son jugadores a los que tengo muy en alto porque tienen mucha calidad y t\u00e9cnica<\/mark> y al final creo que es un reflejo de lo que es el futbol mexicano&#8221;, expres\u00f3 sobre los elementos mexicanos con los que ha tenido la oportunidad de estar en la cancha.<\/p>\n<p style=\"text-align: center;\"><a href=\"https:\/\/www.futboltotal.com.mx\/futbol-mexicano\/liga-mx\/fans-tigres-se-quejan-maltrato-en-costa-rica\/2018\/02\">VER M\u00c1S: Fans de Tigres se quejan por maltrato en Costa Rica<\/a><\/p>\n<p>De igual forma se expres\u00f3 al respecto de os mexicanos que se han marchado a la MLS como<strong> Giovani Dos Santos <\/strong>y<strong> Jonathan Dos Santos,<\/strong> adem\u00e1s de la\u00a0Superliga China;<\/p>\n<p>&#8220;Supongo que habr\u00e1 casos de todo, tanto Gio como Jonathan son m\u00e1s j\u00f3venes que yo, conozco jugadores mayores que han ido a jugar a esas ligas, pero al final cada uno decide lo que es mejor para \u00e9l. <mark>No creo que la MLS o la Liga china o cualquier otra liga puedan parecer menores.<\/mark> Quienes se van a Liga as\u00ed, con un nombre ya forjado, tienen la encomienda de estar rindiendo a buen nivel por el inter\u00e9s que despierta en el p\u00fablico que est\u00e9 ah\u00ed. Si no rindes a un nivel bueno, la gente de otros pa\u00edses no querr\u00e1n que est\u00e9s, entonces, tambi\u00e9n es una responsabilidad cuando das un salto a esos torneos&#8221;, puntualiz\u00f3 el futbolista.<\/p>\n<p><iframe loading=\"lazy\" src=\"https:\/\/www.youtube.com\/embed\/KyCbHPIenyE\" frameborder=\"0\" allowfullscreen=\"allowfullscreen\"><\/iframe><\/p>\n<p style=\"text-align: center;\"><a href=\"https:\/\/www.futboltotal.com.mx\/futbol-internacional\/liga-de-espana\/real-madrid-se-apunta-2-fichajes-del-ac-milan-liverpool\/2018\/02\">VER M\u00c1S: Real Madrid se apunta 2 fichajes del AC Milan y Liverpool<\/a><\/p>\n","protected":false},"excerpt":{"rendered":"<p>El &#8216;Fantasmita&#8217; expres\u00f3 lo que puede ver del futbol mexicano y resalt\u00f3 a varios futbolistas aztecas<\/p>\n","protected":false},"author":159,"featured_media":518474,"comment_status":"closed","ping_status":"closed","sticky":false,"template":"","format":"standard","meta":[],"categories":[2198,3845],"tags":[11845,6046,6048,1083],"_links":{"self":[{"href":"http:\/\/desarrollo.grupomedios.com\/futbol\/wp-json\/wp\/v2\/posts\/518473"}],"collection":[{"href":"http:\/\/desarrollo.grupomedios.com\/futbol\/wp-json\/wp\/v2\/posts"}],"about":[{"href":"http:\/\/desarrollo.grupomedios.com\/futbol\/wp-json\/wp\/v2\/types\/post"}],"author":[{"embeddable":true,"href":"http:\/\/desarrollo.grupomedios.com\/futbol\/wp-json\/wp\/v2\/users\/159"}],"replies":[{"embeddable":true,"href":"http:\/\/desarrollo.grupomedios.com\/futbol\/wp-json\/wp\/v2\/comments?post=518473"}],"version-history":[{"count":1,"href":"http:\/\/desarrollo.grupomedios.com\/futbol\/wp-json\/wp\/v2\/posts\/518473\/revisions"}],"predecessor-version":[{"id":518475,"href":"http:\/\/desarrollo.grupomedios.com\/futbol\/wp-json\/wp\/v2\/posts\/518473\/revisions\/518475"}],"wp:featuredmedia":[{"embeddable":true,"href":"http:\/\/desarrollo.grupomedios.com\/futbol\/wp-json\/wp\/v2\/media\/518474"}],"wp:attachment":[{"href":"http:\/\/desarrollo.grupomedios.com\/futbol\/wp-json\/wp\/v2\/media?parent=518473"}],"wp:term":[{"taxonomy":"category","embeddable":true,"href":"http:\/\/desarrollo.grupomedios.com\/futbol\/wp-json\/wp\/v2\/categories?post=518473"},{"taxonomy":"post_tag","embeddable":true,"href":"http:\/\/desarrollo.grupomedios.com\/futbol\/wp-json\/wp\/v2\/tags?post=518473"}],"curies":[{"name":"wp","href":"https:\/\/api.w.org\/{rel}","templated":true}]}}