{"id":518476,"date":"2018-02-20T19:44:47","date_gmt":"2018-02-21T01:44:47","guid":{"rendered":"https:\/\/www.futboltotal.com.mx\/?p=518476"},"modified":"2018-02-21T21:07:40","modified_gmt":"2018-02-22T03:07:40","slug":"saprissa-america-concachampions-en-vivo-minuto-a-minuto","status":"publish","type":"post","link":"http:\/\/desarrollo.grupomedios.com\/futbol\/futbol-internacional\/saprissa-america-concachampions-en-vivo-minuto-a-minuto\/2018\/02","title":{"rendered":"Saprissa vs Am\u00e9rica | Concachampions | EN VIVO: Minuto a minuto"},"content":{"rendered":"<p>El <strong>Deportivo Saprissa<\/strong> recibe la visita de las <strong>\u00c1guilas del Am\u00e9rica<\/strong> en el duelo de ida de los octavos de final de la Liga de Campeones de Concacaf.<\/p>\n<iframe src=\"https:\/\/en-vivo.futboltotal.com.mx\/embed.php\/?id=597\" width=\"100%\" id=\"frame_minuto\"><\/iframe>\n<p>El cuadro costarricense es uno de los equipos m\u00e1s poderosos fuera de M\u00e9xico y tratar\u00e1 de hacer sentir &#8220;la cueva&#8221; como llaman en Costa Rica al estadio Ricardo Saprissa.<\/p>\n<p>Las \u00c1guilas han sido de los mejores representantes de la Liga MX en los \u00faltimos a\u00f1os en la Concachampions y quieren buscar un nuevo Mundial de Clubes.<\/p>\n<p><strong>\u00a1NO TE PIERDAS EL MINUTO A MINUTO DEL SAPRISSA VS AM\u00c9RICA EN PUNTO DE LAS 19:00 HORAS!<\/strong><\/p>\n","protected":false},"excerpt":{"rendered":"<p>Las \u00c1guilas comienzan un nuevo camino en la Concachampions<\/p>\n","protected":false},"author":160,"featured_media":518477,"comment_status":"closed","ping_status":"closed","sticky":false,"template":"","format":"standard","meta":[],"categories":[5398,3839],"tags":[5959,3182,4848],"_links":{"self":[{"href":"http:\/\/desarrollo.grupomedios.com\/futbol\/wp-json\/wp\/v2\/posts\/518476"}],"collection":[{"href":"http:\/\/desarrollo.grupomedios.com\/futbol\/wp-json\/wp\/v2\/posts"}],"about":[{"href":"http:\/\/desarrollo.grupomedios.com\/futbol\/wp-json\/wp\/v2\/types\/post"}],"author":[{"embeddable":true,"href":"http:\/\/desarrollo.grupomedios.com\/futbol\/wp-json\/wp\/v2\/users\/160"}],"replies":[{"embeddable":true,"href":"http:\/\/desarrollo.grupomedios.com\/futbol\/wp-json\/wp\/v2\/comments?post=518476"}],"version-history":[{"count":1,"href":"http:\/\/desarrollo.grupomedios.com\/futbol\/wp-json\/wp\/v2\/posts\/518476\/revisions"}],"predecessor-version":[{"id":518478,"href":"http:\/\/desarrollo.grupomedios.com\/futbol\/wp-json\/wp\/v2\/posts\/518476\/revisions\/518478"}],"wp:featuredmedia":[{"embeddable":true,"href":"http:\/\/desarrollo.grupomedios.com\/futbol\/wp-json\/wp\/v2\/media\/518477"}],"wp:attachment":[{"href":"http:\/\/desarrollo.grupomedios.com\/futbol\/wp-json\/wp\/v2\/media?parent=518476"}],"wp:term":[{"taxonomy":"category","embeddable":true,"href":"http:\/\/desarrollo.grupomedios.com\/futbol\/wp-json\/wp\/v2\/categories?post=518476"},{"taxonomy":"post_tag","embeddable":true,"href":"http:\/\/desarrollo.grupomedios.com\/futbol\/wp-json\/wp\/v2\/tags?post=518476"}],"curies":[{"name":"wp","href":"https:\/\/api.w.org\/{rel}","templated":true}]}}