{"id":518488,"date":"2018-02-21T16:12:20","date_gmt":"2018-02-21T22:12:20","guid":{"rendered":"https:\/\/www.futboltotal.com.mx\/?p=518488"},"modified":"2018-02-21T16:12:20","modified_gmt":"2018-02-21T22:12:20","slug":"china-dara-bombazo-jugador-del-atletico-madrid","status":"publish","type":"post","link":"http:\/\/desarrollo.grupomedios.com\/futbol\/futbol-internacional\/china-dara-bombazo-jugador-del-atletico-madrid\/2018\/02","title":{"rendered":"China dar\u00e1 bombazo con jugador del Atl\u00e9tico de Madrid"},"content":{"rendered":"<p>El futbol de la <strong>Super Liga China<\/strong> est\u00e1 por dar otro manotazo en la mesa y se llevar\u00edan una joven promesa que se fue desvaneciendo en el\u00a0<strong>Atl\u00e9tico de Madrid,<\/strong> as\u00ed lo ha revelado el\u00a0programa Carrusel Deportivo de la cadena Ser en Espa\u00f1a, se trata del extremo de B\u00e9lgica,\u00a0<strong>Yannick Ferreira Carrasco<\/strong>\u00a0quiene estar\u00eda haciendo sus maletas.<\/p>\n<p>El joven futbolista de 24 a\u00f1os se lig\u00f3 a los Colchoneros en 2015 luego de dejar al AS M\u00f3naco por 17 millones de euros y lo ten\u00eda amarrado hasta el 2022 con el equipo de <strong>Diego Simeone<\/strong> luego de una renovaci\u00f3n en el 2016; sin embargo, el mediocampista durante el presente torneo el<strong> suma 4 goles y 7 asistencias en 28 partidos.<\/strong><\/p>\n<p style=\"text-align: center;\"><a href=\"https:\/\/www.futboltotal.com.mx\/futbol-internacional\/liga-de-francia-futbol-internacional\/thierry-henry-carga-contra-neymar-salir-del-fc-barcelona\/2018\/02\">VER M\u00c1S: Thierry Henry carga contra Neymar por salir del Barcelona<\/a><\/p>\n<p>El equipo Colchonero se ha encargado de avivar este rumor luego que no ha entrado en la convocatoria del encuentro que disputar\u00e1 el equipo ante el\u00a0<strong>Copenhague<\/strong> en la <strong>Europa League<\/strong>. Pero esta negociaci\u00f3n tendr\u00eda que consumarse en breve, pues <mark>el mercado de fichajes en China expira el pr\u00f3ximo 28 de febrero<\/mark>, por esta raz\u00f3n solo queda una semana para que se defina.<\/p>\n<p>El equipo asi\u00e1tico que habr\u00eda hecho una oferta millonaria por el futbolista se trata\u00a0 del\u00a0reci\u00e9n ascendido a la primera categor\u00eda del f\u00fatbol chino\u00a0<strong>Dalian Yifang,\u00a0<\/strong>luego que todo el mercado de invierno se estuvo hablando de un cambio de aires para el belga que viera disminuido su nivel, todo parece indicar que el extremo tiene los d\u00edas contados con el equipo del\u00a0Wanda Metropolitano.<\/p>\n<blockquote class=\"twitter-tweet\" data-width=\"500\">\n<p lang=\"es\" dir=\"ltr\">Es la noticia de la noche. Yannick Carrasco, muy cerca de marcharse a China. Lo ha contado <a href=\"https:\/\/twitter.com\/manucarreno?ref_src=twsrc%5Etfw\">@manucarreno<\/a> en <a href=\"https:\/\/twitter.com\/carrusel?ref_src=twsrc%5Etfw\">@carrusel<\/a>. Aqu\u00ed ten\u00e9is todos los detalles <a href=\"https:\/\/t.co\/6xROfEotus\">https:\/\/t.co\/6xROfEotus<\/a> <a href=\"https:\/\/t.co\/uCbSNUQBnz\">pic.twitter.com\/uCbSNUQBnz<\/a><\/p>\n<p>&mdash; Carrusel Deportivo (@carrusel) <a href=\"https:\/\/twitter.com\/carrusel\/status\/966414239131938817?ref_src=twsrc%5Etfw\">February 21, 2018<\/a><\/p><\/blockquote>\n<p><script async src=\"https:\/\/platform.twitter.com\/widgets.js\" charset=\"utf-8\"><\/script><\/p>\n<p style=\"text-align: center;\"><a href=\"https:\/\/www.futboltotal.com.mx\/futbol-internacional\/champions-league\/leyenda-del-liverpool-se-rinde-ante-sergio-busquets\/2018\/02\">VER M\u00c1S: Leyenda del Liverpool se rinde ante Sergio Busquets<\/a><\/p>\n","protected":false},"excerpt":{"rendered":"<p>El conjunto Colchonero podr\u00eda desprenderse del futbolista belga de apenas 24 a\u00f1os <\/p>\n","protected":false},"author":159,"featured_media":518490,"comment_status":"closed","ping_status":"closed","sticky":false,"template":"","format":"standard","meta":[],"categories":[3839,3844],"tags":[6007,831,11847,3332,5744],"_links":{"self":[{"href":"http:\/\/desarrollo.grupomedios.com\/futbol\/wp-json\/wp\/v2\/posts\/518488"}],"collection":[{"href":"http:\/\/desarrollo.grupomedios.com\/futbol\/wp-json\/wp\/v2\/posts"}],"about":[{"href":"http:\/\/desarrollo.grupomedios.com\/futbol\/wp-json\/wp\/v2\/types\/post"}],"author":[{"embeddable":true,"href":"http:\/\/desarrollo.grupomedios.com\/futbol\/wp-json\/wp\/v2\/users\/159"}],"replies":[{"embeddable":true,"href":"http:\/\/desarrollo.grupomedios.com\/futbol\/wp-json\/wp\/v2\/comments?post=518488"}],"version-history":[{"count":1,"href":"http:\/\/desarrollo.grupomedios.com\/futbol\/wp-json\/wp\/v2\/posts\/518488\/revisions"}],"predecessor-version":[{"id":518492,"href":"http:\/\/desarrollo.grupomedios.com\/futbol\/wp-json\/wp\/v2\/posts\/518488\/revisions\/518492"}],"wp:featuredmedia":[{"embeddable":true,"href":"http:\/\/desarrollo.grupomedios.com\/futbol\/wp-json\/wp\/v2\/media\/518490"}],"wp:attachment":[{"href":"http:\/\/desarrollo.grupomedios.com\/futbol\/wp-json\/wp\/v2\/media?parent=518488"}],"wp:term":[{"taxonomy":"category","embeddable":true,"href":"http:\/\/desarrollo.grupomedios.com\/futbol\/wp-json\/wp\/v2\/categories?post=518488"},{"taxonomy":"post_tag","embeddable":true,"href":"http:\/\/desarrollo.grupomedios.com\/futbol\/wp-json\/wp\/v2\/tags?post=518488"}],"curies":[{"name":"wp","href":"https:\/\/api.w.org\/{rel}","templated":true}]}}