{"id":518522,"date":"2018-02-21T22:40:40","date_gmt":"2018-02-22T04:40:40","guid":{"rendered":"https:\/\/www.futboltotal.com.mx\/?p=518522"},"modified":"2018-02-21T22:42:05","modified_gmt":"2018-02-22T04:42:05","slug":"pumas-4-lobos-buap-1-copa-mx-resumen","status":"publish","type":"post","link":"http:\/\/desarrollo.grupomedios.com\/futbol\/destacado-home\/pumas-4-lobos-buap-1-copa-mx-resumen\/2018\/02","title":{"rendered":"Pumas golea a Lobos BUAP y se encamina a calificar en la Copa MX"},"content":{"rendered":"<p>Los <strong>Pumas de la UNAM<\/strong> mostraron la garra universitaria y con un doblete de <strong>Alan Mendoza<\/strong>, golearon por 4-1 a Lobos BUAP en la jornada 5 de la Copa MX.<\/p>\n<p>Los universitarios comenzaron con el dominio del encuentro desde los primeros minutos, y en un tiro de esquina al minuto 14, lleg\u00f3 solo <strong>Alan Mendoza<\/strong> para rematar el esf\u00e9rico y colocar el 1-0.<\/p>\n<blockquote class=\"twitter-tweet\" data-partner=\"tweetdeck\">\n<p dir=\"ltr\" lang=\"es\"><a href=\"https:\/\/twitter.com\/hashtag\/NoTeLoPierdas?src=hash&amp;ref_src=twsrc%5Etfw\">#NoTeLoPierdas<\/a><br \/>\nG\u26bd\u26bd\u26bdL de Alan Mendoza<a href=\"https:\/\/twitter.com\/PumasMX?ref_src=twsrc%5Etfw\">@PumasMX<\/a> 1-0 <a href=\"https:\/\/twitter.com\/LobosBuapMX?ref_src=twsrc%5Etfw\">@LobosBuapMX<\/a>\u00a0<a href=\"https:\/\/twitter.com\/hashtag\/Jornada5?src=hash&amp;ref_src=twsrc%5Etfw\">#Jornada5<\/a> de la <a href=\"https:\/\/twitter.com\/hashtag\/CopaCoronaMX?src=hash&amp;ref_src=twsrc%5Etfw\">#CopaCoronaMX<\/a> &#x1f3c6; <a href=\"https:\/\/twitter.com\/hashtag\/Clausura2018?src=hash&amp;ref_src=twsrc%5Etfw\">#Clausura2018<\/a><br \/>\n\u26bd <a href=\"https:\/\/twitter.com\/hashtag\/SienteTuLiga?src=hash&amp;ref_src=twsrc%5Etfw\">#SienteTuLiga<\/a> \u26bd <a href=\"https:\/\/twitter.com\/hashtag\/Mi%C3%A9rcolesDeFut?src=hash&amp;ref_src=twsrc%5Etfw\">#Mi\u00e9rcolesDeFut<\/a> <a href=\"https:\/\/t.co\/e1dr6145ce\">pic.twitter.com\/e1dr6145ce<\/a><\/p>\n<p>\u2014 #CopaCoronaMX (@CopaCoronaMx) <a href=\"https:\/\/twitter.com\/CopaCoronaMx\/status\/966504642304765953?ref_src=twsrc%5Etfw\">February 22, 2018<\/a><\/p><\/blockquote>\n<p><script async src=\"https:\/\/platform.twitter.com\/widgets.js\" charset=\"utf-8\"><\/script><br \/>\n<strong>Lobos BUAP<\/strong> reaccion\u00f3 r\u00e1pido y con un golazo de volea que peg\u00f3 en el travesa\u00f1o y cay\u00f3 adentro de las redes de <strong>Carlos Trevi\u00f1o<\/strong> igualaron al minuto 18.<\/p>\n<blockquote class=\"twitter-tweet\" data-partner=\"tweetdeck\">\n<p dir=\"ltr\" lang=\"es\"><a href=\"https:\/\/twitter.com\/hashtag\/NoTeLoPierdas?src=hash&amp;ref_src=twsrc%5Etfw\">#NoTeLoPierdas<\/a><br \/>\nG\u26bd\u26bd\u26bdLAAAAAZO de Carlos Trevi\u00f1o<a href=\"https:\/\/twitter.com\/PumasMX?ref_src=twsrc%5Etfw\">@PumasMX<\/a> 1-1 <a href=\"https:\/\/twitter.com\/LobosBuapMX?ref_src=twsrc%5Etfw\">@LobosBuapMX<\/a>\u00a0<a href=\"https:\/\/twitter.com\/hashtag\/Jornada5?src=hash&amp;ref_src=twsrc%5Etfw\">#Jornada5<\/a> de la <a href=\"https:\/\/twitter.com\/hashtag\/CopaCoronaMX?src=hash&amp;ref_src=twsrc%5Etfw\">#CopaCoronaMX<\/a> &#x1f3c6; <a href=\"https:\/\/twitter.com\/hashtag\/Clausura2018?src=hash&amp;ref_src=twsrc%5Etfw\">#Clausura2018<\/a><br \/>\n\u26bd <a href=\"https:\/\/twitter.com\/hashtag\/SienteTuLiga?src=hash&amp;ref_src=twsrc%5Etfw\">#SienteTuLiga<\/a> \u26bd <a href=\"https:\/\/twitter.com\/hashtag\/Mi%C3%A9rcolesDeFut?src=hash&amp;ref_src=twsrc%5Etfw\">#Mi\u00e9rcolesDeFut<\/a> <a href=\"https:\/\/t.co\/NYWnfssNXu\">pic.twitter.com\/NYWnfssNXu<\/a><\/p>\n<p>\u2014 #CopaCoronaMX (@CopaCoronaMx) <a href=\"https:\/\/twitter.com\/CopaCoronaMx\/status\/966505608009613312?ref_src=twsrc%5Etfw\">February 22, 2018<\/a><\/p><\/blockquote>\n<p><script async src=\"https:\/\/platform.twitter.com\/widgets.js\" charset=\"utf-8\"><\/script><br \/>\nUn error del arquero <strong>Jos\u00e9 Francisco Canales<\/strong> que no tom\u00f3 bien un esf\u00e9rico, dej\u00f3 el bal\u00f3n a medio camino y <strong>Mauro Formica<\/strong> llego para empujar el bal\u00f3n a la porter\u00eda y darle la ventaja 2-1 al minuto 33 a los auriazules.<\/p>\n<blockquote class=\"twitter-tweet\" data-partner=\"tweetdeck\">\n<p dir=\"ltr\" lang=\"und\"><a href=\"https:\/\/twitter.com\/hashtag\/NoTeLoPierdas?src=hash&amp;ref_src=twsrc%5Etfw\">#NoTeLoPierdas<\/a><br \/>\nG\u26bd\u26bd\u26bdL de Mauro Formica<a href=\"https:\/\/twitter.com\/PumasMX?ref_src=twsrc%5Etfw\">@PumasMX<\/a> 2-1 <a href=\"https:\/\/twitter.com\/LobosBuapMX?ref_src=twsrc%5Etfw\">@LobosBuapMX<\/a>\u00a0<a href=\"https:\/\/twitter.com\/hashtag\/Jornada5?src=hash&amp;ref_src=twsrc%5Etfw\">#Jornada5<\/a> de la <a href=\"https:\/\/twitter.com\/hashtag\/CopaCoronaMX?src=hash&amp;ref_src=twsrc%5Etfw\">#CopaCoronaMX<\/a> &#x1f3c6; <a href=\"https:\/\/twitter.com\/hashtag\/Clausura2018?src=hash&amp;ref_src=twsrc%5Etfw\">#Clausura2018<\/a><br \/>\n\u26bd <a href=\"https:\/\/twitter.com\/hashtag\/SienteTuLiga?src=hash&amp;ref_src=twsrc%5Etfw\">#SienteTuLiga<\/a> \u26bd <a href=\"https:\/\/twitter.com\/hashtag\/Mi%C3%A9rcolesDeFut?src=hash&amp;ref_src=twsrc%5Etfw\">#Mi\u00e9rcolesDeFut<\/a> <a href=\"https:\/\/t.co\/wz3XS8zdwo\">pic.twitter.com\/wz3XS8zdwo<\/a><\/p>\n<p>\u2014 #CopaCoronaMX (@CopaCoronaMx) <a href=\"https:\/\/twitter.com\/CopaCoronaMx\/status\/966509614509543424?ref_src=twsrc%5Etfw\">February 22, 2018<\/a><\/p><\/blockquote>\n<p><script async src=\"https:\/\/platform.twitter.com\/widgets.js\" charset=\"utf-8\"><\/script><br \/>\nEn la segunda mitad, <strong>Erick Torres<\/strong> se visti\u00f3 de h\u00e9roe y villano en pocos minutos.<\/p>\n<p>Al minuto 56, el\u00a0&#8216;Cubo&#8217; <strong>anot\u00f3 su primer gol con la camiseta de los Pumas<\/strong> al cobrar de buena manera una pena m\u00e1xima.<\/p>\n<blockquote class=\"twitter-tweet\" data-partner=\"tweetdeck\">\n<p dir=\"ltr\" lang=\"und\"><a href=\"https:\/\/twitter.com\/hashtag\/NoTeLoPierdas?src=hash&amp;ref_src=twsrc%5Etfw\">#NoTeLoPierdas<\/a><br \/>\nG\u26bd\u26bd\u26bdL de Erick Torres<a href=\"https:\/\/twitter.com\/PumasMX?ref_src=twsrc%5Etfw\">@PumasMX<\/a> 3-1 <a href=\"https:\/\/twitter.com\/LobosBuapMX?ref_src=twsrc%5Etfw\">@LobosBuapMX<\/a>\u00a0<a href=\"https:\/\/twitter.com\/hashtag\/Jornada5?src=hash&amp;ref_src=twsrc%5Etfw\">#Jornada5<\/a> de la <a href=\"https:\/\/twitter.com\/hashtag\/CopaCoronaMX?src=hash&amp;ref_src=twsrc%5Etfw\">#CopaCoronaMX<\/a> &#x1f3c6; <a href=\"https:\/\/twitter.com\/hashtag\/Clausura2018?src=hash&amp;ref_src=twsrc%5Etfw\">#Clausura2018<\/a><br \/>\n\u26bd <a href=\"https:\/\/twitter.com\/hashtag\/SienteTuLiga?src=hash&amp;ref_src=twsrc%5Etfw\">#SienteTuLiga<\/a> \u26bd <a href=\"https:\/\/twitter.com\/hashtag\/Mi%C3%A9rcolesDeFut?src=hash&amp;ref_src=twsrc%5Etfw\">#Mi\u00e9rcolesDeFut<\/a> <a href=\"https:\/\/t.co\/gAsuuzw2KR\">pic.twitter.com\/gAsuuzw2KR<\/a><\/p>\n<p>\u2014 #CopaCoronaMX (@CopaCoronaMx) <a href=\"https:\/\/twitter.com\/CopaCoronaMx\/status\/966519346360213504?ref_src=twsrc%5Etfw\">February 22, 2018<\/a><\/p><\/blockquote>\n<p><script async src=\"https:\/\/platform.twitter.com\/widgets.js\" charset=\"utf-8\"><\/script><br \/>\nSin embargo, al 73 tuvo la oportunidad del <strong>doblete<\/strong>, de nueva forma con un penal, pero su disparo fue al centro y Canales ataj\u00f3 la pena m\u00e1xima.<\/p>\n<p>Alan Mendoza cerrar\u00eda la cuenta con su segundo gol de la noche al minuto 79, y pondr\u00eda el<strong> 4-1<\/strong> a favor de los Pumas que los mete de lleno a buscar la calificaci\u00f3n a los <strong>octavos de final de la Copa MX<\/strong>.<\/p>\n<blockquote class=\"twitter-tweet\" data-partner=\"tweetdeck\">\n<p dir=\"ltr\" lang=\"es\"><a href=\"https:\/\/twitter.com\/hashtag\/NoTeLoPierdas?src=hash&amp;ref_src=twsrc%5Etfw\">#NoTeLoPierdas<\/a><br \/>\n2do G\u26bd\u26bd\u26bdL de Alan Mendoza<a href=\"https:\/\/twitter.com\/PumasMX?ref_src=twsrc%5Etfw\">@PumasMX<\/a> 4-1 <a href=\"https:\/\/twitter.com\/LobosBuapMX?ref_src=twsrc%5Etfw\">@LobosBuapMX<\/a>\u00a0<a href=\"https:\/\/twitter.com\/hashtag\/Jornada5?src=hash&amp;ref_src=twsrc%5Etfw\">#Jornada5<\/a> de la <a href=\"https:\/\/twitter.com\/hashtag\/CopaCoronaMX?src=hash&amp;ref_src=twsrc%5Etfw\">#CopaCoronaMX<\/a> &#x1f3c6; <a href=\"https:\/\/twitter.com\/hashtag\/Clausura2018?src=hash&amp;ref_src=twsrc%5Etfw\">#Clausura2018<\/a><br \/>\n\u26bd <a href=\"https:\/\/twitter.com\/hashtag\/SienteTuLiga?src=hash&amp;ref_src=twsrc%5Etfw\">#SienteTuLiga<\/a> \u26bd <a href=\"https:\/\/twitter.com\/hashtag\/Mi%C3%A9rcolesDeFut?src=hash&amp;ref_src=twsrc%5Etfw\">#Mi\u00e9rcolesDeFut<\/a> <a href=\"https:\/\/t.co\/eKQdUdAsGx\">pic.twitter.com\/eKQdUdAsGx<\/a><\/p>\n<p>\u2014 #CopaCoronaMX (@CopaCoronaMx) <a href=\"https:\/\/twitter.com\/CopaCoronaMx\/status\/966525369745596416?ref_src=twsrc%5Etfw\">February 22, 2018<\/a><\/p><\/blockquote>\n<p><script async src=\"https:\/\/platform.twitter.com\/widgets.js\" charset=\"utf-8\"><\/script><\/p>\n","protected":false},"excerpt":{"rendered":"<p>Erick &#8216;Cubo&#8217; Torres anot\u00f3 su primer gol con la camiseta auriazul<\/p>\n","protected":false},"author":160,"featured_media":518523,"comment_status":"closed","ping_status":"closed","sticky":false,"template":"","format":"standard","meta":[],"categories":[4247,5,2198,3845],"tags":[285,431,74],"_links":{"self":[{"href":"http:\/\/desarrollo.grupomedios.com\/futbol\/wp-json\/wp\/v2\/posts\/518522"}],"collection":[{"href":"http:\/\/desarrollo.grupomedios.com\/futbol\/wp-json\/wp\/v2\/posts"}],"about":[{"href":"http:\/\/desarrollo.grupomedios.com\/futbol\/wp-json\/wp\/v2\/types\/post"}],"author":[{"embeddable":true,"href":"http:\/\/desarrollo.grupomedios.com\/futbol\/wp-json\/wp\/v2\/users\/160"}],"replies":[{"embeddable":true,"href":"http:\/\/desarrollo.grupomedios.com\/futbol\/wp-json\/wp\/v2\/comments?post=518522"}],"version-history":[{"count":1,"href":"http:\/\/desarrollo.grupomedios.com\/futbol\/wp-json\/wp\/v2\/posts\/518522\/revisions"}],"predecessor-version":[{"id":518524,"href":"http:\/\/desarrollo.grupomedios.com\/futbol\/wp-json\/wp\/v2\/posts\/518522\/revisions\/518524"}],"wp:featuredmedia":[{"embeddable":true,"href":"http:\/\/desarrollo.grupomedios.com\/futbol\/wp-json\/wp\/v2\/media\/518523"}],"wp:attachment":[{"href":"http:\/\/desarrollo.grupomedios.com\/futbol\/wp-json\/wp\/v2\/media?parent=518522"}],"wp:term":[{"taxonomy":"category","embeddable":true,"href":"http:\/\/desarrollo.grupomedios.com\/futbol\/wp-json\/wp\/v2\/categories?post=518522"},{"taxonomy":"post_tag","embeddable":true,"href":"http:\/\/desarrollo.grupomedios.com\/futbol\/wp-json\/wp\/v2\/tags?post=518522"}],"curies":[{"name":"wp","href":"https:\/\/api.w.org\/{rel}","templated":true}]}}