{"id":518534,"date":"2018-02-22T09:07:38","date_gmt":"2018-02-22T15:07:38","guid":{"rendered":"https:\/\/www.futboltotal.com.mx\/?p=518534"},"modified":"2018-02-22T09:07:38","modified_gmt":"2018-02-22T15:07:38","slug":"cruz-azul-ya-esta-en-busca-sustituto-caixinha","status":"publish","type":"post","link":"http:\/\/desarrollo.grupomedios.com\/futbol\/futbol-mexicano\/cruz-azul-ya-esta-en-busca-sustituto-caixinha\/2018\/02","title":{"rendered":"Cruz Azul ya est\u00e1 en busca de sustituto para Caixinha"},"content":{"rendered":"<p>El estratega portugu\u00e9s\u00a0<strong>Pedro Caixinha<\/strong> no est\u00e1 pasando un buen momento con el <strong>Cruz Azul<\/strong>, luego que la semana pasada empatara de forma ag\u00f3nica ante<strong> Puebla<\/strong> en la <strong>Liga MX<\/strong> y en la <strong>Copa MX<\/strong> igualara con <strong>Alebrijes de Oaxaca<\/strong>, resultado que lo conden\u00f3 a quedar eliminado del torneo, esto ya ha comenzado a poner a pensar a la directiva cementera en un posible sustituto.<\/p>\n<p>La directiva encabezada por <strong>Billy \u00c1lvarez y\u00a0Eduardo &#8216;Yayo&#8217; de la Torre<\/strong> ya est\u00e1n pensando en posibles &#8216;bomberos&#8217; para tomar el cargo pues pues ante las necesidades y urgencias del equipo ya est\u00e1n pensando en qu\u00e9 har\u00e1n si el proyecto del portugu\u00e9s no toma marcha, el principal obst\u00e1culo de algunos es que varios de sus candidatos actualmente tienen trabajo.<\/p>\n<p style=\"text-align: center;\"><a href=\"https:\/\/www.futboltotal.com.mx\/futbol-mexicano\/liga-mx\/las-5-mejores-frases-del-tuca-ferretti-2\/2018\/02\">VER M\u00c1S: Las 5 mejores frases del Tuca Ferretti<\/a><\/p>\n<p>Se trata de<strong>\u00a0Luis Fernando Tena y Enrique Meza<\/strong>, como dos opciones latentes, pero se encuentran trabajando en Quer\u00e9taro y Puebla respectivamente, pero otra opci\u00f3n que se est\u00e1 manejando en el entorno es el nombre del uruguayo <strong>Sergio Markari\u00e1n<\/strong>, quien ya trabajo con el director deportivo,\u00a0<strong>Eduardo de la Torre<\/strong>, el estratega no dirige desde 2015 y dej\u00f3 buenos recuerdos con los cementeros en su anterior paso, esto de acuerdo con el diario Universal.<\/p>\n<p>El equipo de Cruz Azul no ha logrado arrancar en el actual <strong>Clausura 2018<\/strong>, <strong>solo tienen un triunfo en el certamen<\/strong>, m\u00e1s cinco empates y dos derrotas para sumar 8 puntos y ubicarse en el lugar quince de la tabla general; este fin de semana Caixinha tendr\u00e1 una dif\u00edcil tarea con su ex equipo<strong> Santos Laguna<\/strong>, quien marcha segundo de la tabla general.<\/p>\n<p style=\"text-align: center;\"><a href=\"https:\/\/www.futboltotal.com.mx\/futbol-mexicano\/liga-mx\/novia-javier-aquino-enciende-las-redes-sociales-sexy-foto\/2018\/02\">VER M\u00c1S: Novia de Javier Aquino enciende las redes sociales con sexy foto<\/a><\/p>\n<p>&nbsp;<\/p>\n<p>&nbsp;<\/p>\n","protected":false},"excerpt":{"rendered":"<p>El cuadro cementero ya est\u00e1 barajando tres nombres que podr\u00edan ocupar el lugar en el banquillo <\/p>\n","protected":false},"author":159,"featured_media":518536,"comment_status":"closed","ping_status":"closed","sticky":false,"template":"","format":"standard","meta":[],"categories":[2198,3845],"tags":[9028,5962,207,64,565,1968,1166],"_links":{"self":[{"href":"http:\/\/desarrollo.grupomedios.com\/futbol\/wp-json\/wp\/v2\/posts\/518534"}],"collection":[{"href":"http:\/\/desarrollo.grupomedios.com\/futbol\/wp-json\/wp\/v2\/posts"}],"about":[{"href":"http:\/\/desarrollo.grupomedios.com\/futbol\/wp-json\/wp\/v2\/types\/post"}],"author":[{"embeddable":true,"href":"http:\/\/desarrollo.grupomedios.com\/futbol\/wp-json\/wp\/v2\/users\/159"}],"replies":[{"embeddable":true,"href":"http:\/\/desarrollo.grupomedios.com\/futbol\/wp-json\/wp\/v2\/comments?post=518534"}],"version-history":[{"count":1,"href":"http:\/\/desarrollo.grupomedios.com\/futbol\/wp-json\/wp\/v2\/posts\/518534\/revisions"}],"predecessor-version":[{"id":518537,"href":"http:\/\/desarrollo.grupomedios.com\/futbol\/wp-json\/wp\/v2\/posts\/518534\/revisions\/518537"}],"wp:featuredmedia":[{"embeddable":true,"href":"http:\/\/desarrollo.grupomedios.com\/futbol\/wp-json\/wp\/v2\/media\/518536"}],"wp:attachment":[{"href":"http:\/\/desarrollo.grupomedios.com\/futbol\/wp-json\/wp\/v2\/media?parent=518534"}],"wp:term":[{"taxonomy":"category","embeddable":true,"href":"http:\/\/desarrollo.grupomedios.com\/futbol\/wp-json\/wp\/v2\/categories?post=518534"},{"taxonomy":"post_tag","embeddable":true,"href":"http:\/\/desarrollo.grupomedios.com\/futbol\/wp-json\/wp\/v2\/tags?post=518534"}],"curies":[{"name":"wp","href":"https:\/\/api.w.org\/{rel}","templated":true}]}}