{"id":518535,"date":"2018-02-22T09:14:20","date_gmt":"2018-02-22T15:14:20","guid":{"rendered":"https:\/\/www.futboltotal.com.mx\/?p=518535"},"modified":"2018-02-22T09:14:20","modified_gmt":"2018-02-22T15:14:20","slug":"america-fue-superior-tengo-diplomatico-miguel-herrera","status":"publish","type":"post","link":"http:\/\/desarrollo.grupomedios.com\/futbol\/futbol-internacional\/america-fue-superior-tengo-diplomatico-miguel-herrera\/2018\/02","title":{"rendered":"&#8220;Am\u00e9rica fue muy superior, no tengo por qu\u00e9 ser diplom\u00e1tico&#8221;: Miguel Herrera"},"content":{"rendered":"<p>Tras vencer con <span style=\"color: #3366ff;\"><a href=\"https:\/\/www.futboltotal.com.mx\/destacado-home\/saprissa-1-america-5-concachampions-resumen\/2018\/02\">una goleada como visitante al Saprissa<\/a><\/span>, el t\u00e9cnico del <strong>Am\u00e9rica<\/strong>, <strong>Miguel Herrera<\/strong>, fue cuestionado al terminar el partido y sin ser diplom\u00e1tico, asegur\u00f3 que su equipo fue muy superior al costarricense.<\/p>\n<p>\u201c<mark>Si me hablas del <strong>Am\u00e9rica<\/strong> no tengo por qu\u00e9 tener diplomacia, ni tengo por qu\u00e9 tenerla y nunca la he tenido, Am\u00e9rica fue muy superior al Saprissa por la gran calidad de jugadores que tenemos, por el funcionamiento del equipo, la contundencia y demostramos que venimos haciendo las cosas bien en M\u00e9xico y en <strong>Concacaf<\/strong>\u201d<\/mark>, confes\u00f3 el entrenador americanista.<\/p>\n<p>Pese a la ventaja de 5-1 con la que jugar\u00e1n la vuelta en el <strong>Estadio Azteca<\/strong> el pr\u00f3ximo 28 de febrero, el timonel de <em>las \u00c1guilas<\/em> descart\u00f3 encarar ese partido con un equipo de \u201cchavitos\u201d y tendr\u00e1n el mismo respeto por el rival con el que jugaron esta noche.<\/p>\n<p style=\"text-align: center;\"><span style=\"color: #3366ff;\"><a href=\"https:\/\/www.futboltotal.com.mx\/futbol-mexicano\/liga-mx\/las-5-mejores-frases-del-tuca-ferretti-2\/2018\/02\">VER M\u00c1S: Las 5 mejores frases del Tuca Ferretti<\/a><\/span><\/p>\n<p>\u201cSab\u00edamos que no iba a ser f\u00e1cil, tomamos el partido muy en serio con el cuadro que mostramos, no menospreciamos ni pensamos que Saprissa fue cosa f\u00e1cil.<\/p>\n<p>\u201cSi piensan que voy a jugar con j\u00f3venes, no. Ning\u00fan partido del torneo mexicano ni de <strong>Concacaf<\/strong> lo vamos a jugar alternando chavitos o con aquellos que no est\u00e9n en el roster que armamos, iremos rotando porque hay un plantel muy basto, es un mes de mucha carga, pero para eso se conform\u00f3 esta plantilla sabiendo que todos pueden participar\u201d, afirm\u00f3.<\/p>\n<p>Ni siquiera el amplio marcador y la convincente actuaci\u00f3n dejaron cien por ciento satisfecho al Piojo: \u201c(Hubo) Distracciones y desconcentraciones individuales que hay que seguir corrigiendo, es tonto decir que no me gust\u00f3 algo cuando est\u00e1s de visitante y sacas un marcador tan contundente, pero hay detalles que seguir\u00e9 machac\u00e1ndole a los muchachos porque no hemos ganado nada\u201d.<\/p>\n","protected":false},"excerpt":{"rendered":"<p>El t\u00e9cnico americanista destac\u00f3 la labor de su equipo.<\/p>\n","protected":false},"author":129,"featured_media":518539,"comment_status":"closed","ping_status":"closed","sticky":false,"template":"","format":"standard","meta":[],"categories":[5398,3839],"tags":[5959,3182,255,4848],"_links":{"self":[{"href":"http:\/\/desarrollo.grupomedios.com\/futbol\/wp-json\/wp\/v2\/posts\/518535"}],"collection":[{"href":"http:\/\/desarrollo.grupomedios.com\/futbol\/wp-json\/wp\/v2\/posts"}],"about":[{"href":"http:\/\/desarrollo.grupomedios.com\/futbol\/wp-json\/wp\/v2\/types\/post"}],"author":[{"embeddable":true,"href":"http:\/\/desarrollo.grupomedios.com\/futbol\/wp-json\/wp\/v2\/users\/129"}],"replies":[{"embeddable":true,"href":"http:\/\/desarrollo.grupomedios.com\/futbol\/wp-json\/wp\/v2\/comments?post=518535"}],"version-history":[{"count":1,"href":"http:\/\/desarrollo.grupomedios.com\/futbol\/wp-json\/wp\/v2\/posts\/518535\/revisions"}],"predecessor-version":[{"id":518540,"href":"http:\/\/desarrollo.grupomedios.com\/futbol\/wp-json\/wp\/v2\/posts\/518535\/revisions\/518540"}],"wp:featuredmedia":[{"embeddable":true,"href":"http:\/\/desarrollo.grupomedios.com\/futbol\/wp-json\/wp\/v2\/media\/518539"}],"wp:attachment":[{"href":"http:\/\/desarrollo.grupomedios.com\/futbol\/wp-json\/wp\/v2\/media?parent=518535"}],"wp:term":[{"taxonomy":"category","embeddable":true,"href":"http:\/\/desarrollo.grupomedios.com\/futbol\/wp-json\/wp\/v2\/categories?post=518535"},{"taxonomy":"post_tag","embeddable":true,"href":"http:\/\/desarrollo.grupomedios.com\/futbol\/wp-json\/wp\/v2\/tags?post=518535"}],"curies":[{"name":"wp","href":"https:\/\/api.w.org\/{rel}","templated":true}]}}