{"id":518538,"date":"2018-02-22T09:27:46","date_gmt":"2018-02-22T15:27:46","guid":{"rendered":"https:\/\/www.futboltotal.com.mx\/?p=518538"},"modified":"2018-02-22T09:27:46","modified_gmt":"2018-02-22T15:27:46","slug":"fernando-torres-en-la-mira-la-liga-mx","status":"publish","type":"post","link":"http:\/\/desarrollo.grupomedios.com\/futbol\/futbol-mexicano\/fernando-torres-en-la-mira-la-liga-mx\/2018\/02","title":{"rendered":"Fernando Torres, en la mira de la Liga MX"},"content":{"rendered":"<p>Luego que el estratega <strong>Diego Simeone<\/strong> pr\u00e1cticamente sentenci\u00f3 que el delantero espa\u00f1ol <strong>Fernando Torres<\/strong> no seguir\u00e1 en el\u00a0<b>Atl\u00e9tico de Madrid,\u00a0<\/b>ha comenzado a invitar al &#8216;Ni\u00f1o&#8217; en el pr\u00f3ximo destino futbol\u00edstico que tendr\u00eda y ya comienza a meditar las opciones que se abren ante \u00e9l, pues seguramente sabe que ser\u00eda la \u00faltima gran oportunidad en su carrera de jugar una temporada.<\/p>\n<p>El delantero de 33 a\u00f1os sabe que el final de su carrera est\u00e1 llegando y a pesar que su deseo es retirarse vestido de Rojiblanco, ya se encuentra atendiendo los llamados a su puerta por si le dan las gracias en Espa\u00f1a, su abanico comienza con continuar en Europa, pues de inmediato el <strong>Besiktas de Turqu\u00eda<\/strong> levant\u00f3 la mano, pues desde hace tiempo se encuentra buscando un delantero de garant\u00edas.<\/p>\n<p style=\"text-align: center;\"><a href=\"https:\/\/www.futboltotal.com.mx\/futbol-internacional\/liga-de-espana\/china-dara-bombazo-jugador-del-atletico-madrid\/2018\/02\">VER M\u00c1S: China dar\u00e1 bombazo con jugador del Atl\u00e9tico de Madrid (y no es Fernando Torres)<\/a><\/p>\n<p>Pero de acuerdo con Mundo Deportivo, el mercado mexicano es decir la <strong>Liga MX<\/strong> es uno de los que estar\u00eda pujando por tener a Fernando Torres, la publicaci\u00f3n resalta que en lo futbol\u00edstico es uno de los pa\u00edses m\u00e1s pujantes para el delantero, pero tiene menor poder\u00edo econ\u00f3mico que <strong>China,<\/strong> quien ser\u00eda otro pa\u00eds interesado en el jugador.<\/p>\n<p>En Asia tendr\u00eda una oferta econ\u00f3mica importante pero sin duda que otro pa\u00eds que estar\u00e1 buscando llevar a Torres a su liga es <strong>Estado Unidos<\/strong>, donde varias estrellas ya se han manifestado en la <strong>MLS<\/strong>, como el mismo espa\u00f1ol David Villa quien ser\u00eda referencia para el atacante que en marzo cumplir\u00e1 34 a\u00f1os; <strong>LA Galaxy<\/strong> hace unos meses ya hab\u00eda mostrado inter\u00e9s en \u00e9l.<\/p>\n<p style=\"text-align: center;\"><a href=\"https:\/\/www.futboltotal.com.mx\/futbol-internacional\/hijo-mourinho-maximo-aficionado-del-barcelona\/2018\/02\">VER M\u00c1S: El hijo de Mourinho, el m\u00e1ximo aficionado del Barcelona<\/a><\/p>\n<p>&nbsp;<\/p>\n","protected":false},"excerpt":{"rendered":"<p>El delantero espa\u00f1ol ya estar\u00eda evaluando las ofertas que tiene para continuar con su carrera <\/p>\n","protected":false},"author":159,"featured_media":512300,"comment_status":"closed","ping_status":"closed","sticky":false,"template":"","format":"standard","meta":[],"categories":[2198,3845],"tags":[6007,831,310,6017,64,195],"_links":{"self":[{"href":"http:\/\/desarrollo.grupomedios.com\/futbol\/wp-json\/wp\/v2\/posts\/518538"}],"collection":[{"href":"http:\/\/desarrollo.grupomedios.com\/futbol\/wp-json\/wp\/v2\/posts"}],"about":[{"href":"http:\/\/desarrollo.grupomedios.com\/futbol\/wp-json\/wp\/v2\/types\/post"}],"author":[{"embeddable":true,"href":"http:\/\/desarrollo.grupomedios.com\/futbol\/wp-json\/wp\/v2\/users\/159"}],"replies":[{"embeddable":true,"href":"http:\/\/desarrollo.grupomedios.com\/futbol\/wp-json\/wp\/v2\/comments?post=518538"}],"version-history":[{"count":1,"href":"http:\/\/desarrollo.grupomedios.com\/futbol\/wp-json\/wp\/v2\/posts\/518538\/revisions"}],"predecessor-version":[{"id":518541,"href":"http:\/\/desarrollo.grupomedios.com\/futbol\/wp-json\/wp\/v2\/posts\/518538\/revisions\/518541"}],"wp:featuredmedia":[{"embeddable":true,"href":"http:\/\/desarrollo.grupomedios.com\/futbol\/wp-json\/wp\/v2\/media\/512300"}],"wp:attachment":[{"href":"http:\/\/desarrollo.grupomedios.com\/futbol\/wp-json\/wp\/v2\/media?parent=518538"}],"wp:term":[{"taxonomy":"category","embeddable":true,"href":"http:\/\/desarrollo.grupomedios.com\/futbol\/wp-json\/wp\/v2\/categories?post=518538"},{"taxonomy":"post_tag","embeddable":true,"href":"http:\/\/desarrollo.grupomedios.com\/futbol\/wp-json\/wp\/v2\/tags?post=518538"}],"curies":[{"name":"wp","href":"https:\/\/api.w.org\/{rel}","templated":true}]}}