{"id":518569,"date":"2018-02-22T11:57:46","date_gmt":"2018-02-22T17:57:46","guid":{"rendered":"https:\/\/www.futboltotal.com.mx\/?p=518569"},"modified":"2018-02-22T11:57:46","modified_gmt":"2018-02-22T17:57:46","slug":"nos-venden-quieren-vernos-campeones-vergara","status":"publish","type":"post","link":"http:\/\/desarrollo.grupomedios.com\/futbol\/futbol-mexicano\/nos-venden-quieren-vernos-campeones-vergara\/2018\/02","title":{"rendered":"No nos venden porque no quieren vernos campeones: Vergara"},"content":{"rendered":"<p>El siempre pol\u00e9mico due\u00f1o de las <strong>Chivas de Guadalajara, Jorge Vergara<\/strong> habl\u00f3 sobre la situaci\u00f3n actual que vive en el <strong>Clausura 2018<\/strong> en donde se mantiene en la parte baja de la tabla luego de ocho jornadas y admiti\u00f3 que uno de los principales problemas que tuvo el equipo Rojiblanco fue conseguir refuerzos para el actual torneo.<\/p>\n<div class=\"field field-name-body field-type-text-with-summary field-label-hidden txt_nota\">\n<div class=\"field-items\">\n<div class=\"field-item even\">\n<p>&#8220;No tenemos los refuerzos que hemos pedido,\u00a0Chivas<strong>\u00a0<\/strong>tiene refuerzos conforme podemos tener acceso a ellos. <mark>El tema es que no nos venden porque no quieren que seamos<strong>\u00a0<\/strong>campeones, otros que no quieren porque tienen muy buenos jugadores que no quieren soltar<\/mark>&#8220;, se\u00f1al\u00f3\u00a0Vergara<strong>\u00a0<\/strong>para Fox Sports.<\/p>\n<p style=\"text-align: center;\"><a href=\"https:\/\/www.futboltotal.com.mx\/futbol-mexicano\/liga-mx\/cruz-azul-ya-esta-en-busca-sustituto-caixinha\/2018\/02\">VER M\u00c1S: Cruz Azul ya est\u00e1 en busca de sustituto para Caixinha<\/a><\/p>\n<p>Por otro lado, el due\u00f1o del Reba\u00f1o no quit\u00f3 el dedo del rengl\u00f3n sobre el duelo que sostendr\u00e1n ante los<strong> Pumas de la UNAM<\/strong> este domingo, en donde indic\u00f3 que es vital sacar los tres puntos de Ciudad Universitaria para poder enderezar el camino del equipo cuanto antes y poder regresar a los primeros planos.<\/p>\n<p>&#8220;<mark>A\u00a0Pumas<strong>\u00a0<\/strong>tenemos que ganarle a como d\u00e9\u00a0lugar. A parte de la rivalidad, nos urge ganar,<\/mark> entonces es doble oportunidad y obligatoriedad&#8221;, expres\u00f3 el due\u00f1o del equipo Rojiblanco, pero primero su equipo deber\u00e1 medirse ante el <strong>Cibao FC<\/strong> de la Rep\u00fablica Dominicana por los Octavos de Final de la <strong>Liga de Campeones de la Concacaf.<\/strong><\/p>\n<p style=\"text-align: center;\"><a href=\"https:\/\/www.futboltotal.com.mx\/futbol-mexicano\/liga-mx\/fernando-torres-en-la-mira-la-liga-mx\/2018\/02\">VER M\u00c1S: Fernando Torres, en la mira de la Liga MX<\/a><\/p>\n<p>&nbsp;<\/p>\n<\/div>\n<\/div>\n<\/div>\n<div class=\"field field-name-network-pontamedia-comentario field-type-ds field-label-hidden\">\n<div class=\"field-items\">\n<div class=\"field-item even\">\n<div class=\"wdg_pontamedia\">\n<div id=\"bc_comments_plugin\"><\/div>\n<\/div>\n<\/div>\n<\/div>\n<\/div>\n","protected":false},"excerpt":{"rendered":"<p>El due\u00f1o del equipo Rojiblanco indic\u00f3 que deben ganarle a Pumas a como de lugar pues est\u00e1n urgidos de puntos<\/p>\n","protected":false},"author":159,"featured_media":512708,"comment_status":"closed","ping_status":"closed","sticky":false,"template":"","format":"standard","meta":[],"categories":[2198,3845],"tags":[70,9028,5963,243,64],"_links":{"self":[{"href":"http:\/\/desarrollo.grupomedios.com\/futbol\/wp-json\/wp\/v2\/posts\/518569"}],"collection":[{"href":"http:\/\/desarrollo.grupomedios.com\/futbol\/wp-json\/wp\/v2\/posts"}],"about":[{"href":"http:\/\/desarrollo.grupomedios.com\/futbol\/wp-json\/wp\/v2\/types\/post"}],"author":[{"embeddable":true,"href":"http:\/\/desarrollo.grupomedios.com\/futbol\/wp-json\/wp\/v2\/users\/159"}],"replies":[{"embeddable":true,"href":"http:\/\/desarrollo.grupomedios.com\/futbol\/wp-json\/wp\/v2\/comments?post=518569"}],"version-history":[{"count":1,"href":"http:\/\/desarrollo.grupomedios.com\/futbol\/wp-json\/wp\/v2\/posts\/518569\/revisions"}],"predecessor-version":[{"id":518570,"href":"http:\/\/desarrollo.grupomedios.com\/futbol\/wp-json\/wp\/v2\/posts\/518569\/revisions\/518570"}],"wp:featuredmedia":[{"embeddable":true,"href":"http:\/\/desarrollo.grupomedios.com\/futbol\/wp-json\/wp\/v2\/media\/512708"}],"wp:attachment":[{"href":"http:\/\/desarrollo.grupomedios.com\/futbol\/wp-json\/wp\/v2\/media?parent=518569"}],"wp:term":[{"taxonomy":"category","embeddable":true,"href":"http:\/\/desarrollo.grupomedios.com\/futbol\/wp-json\/wp\/v2\/categories?post=518569"},{"taxonomy":"post_tag","embeddable":true,"href":"http:\/\/desarrollo.grupomedios.com\/futbol\/wp-json\/wp\/v2\/tags?post=518569"}],"curies":[{"name":"wp","href":"https:\/\/api.w.org\/{rel}","templated":true}]}}